{"id":11131,"date":"2019-06-27T11:53:17","date_gmt":"2019-06-27T14:53:17","guid":{"rendered":"https:\/\/blogs2.correiobraziliense.com.br\/vicente\/?p=11131"},"modified":"2019-06-27T18:44:46","modified_gmt":"2019-06-27T21:44:46","slug":"bc-reduz-previsao-de-crescimento-do-pib-para-08","status":"publish","type":"post","link":"https:\/\/blogs2.correiobraziliense.com.br\/vicente\/bc-reduz-previsao-de-crescimento-do-pib-para-08\/","title":{"rendered":"BC reduz previs\u00e3o de crescimento do PIB para 0,8%"},"content":{"rendered":"<h2>SIMONE KAFRUNI<\/h2>\n<h2><\/h2>\n<h2>O Banco Central (BC) reduziu de 2% para 0,8% a previs\u00e3o de crescimento do Produto Interno Bruto (PIB) brasileiro em 2019. No relat\u00f3rio trimestral de infla\u00e7\u00e3o, divulgado ontem, a autoridade monet\u00e1ria condicionou essa perspectiva ao cen\u00e1rio de continuidade das reformas e ajustes e destacou que a proje\u00e7\u00e3o \u201cincorpora expectativa de recupera\u00e7\u00e3o da atividade em ritmo crescente no resto do ano\u201d.<\/h2>\n<h2><\/h2>\n<p>O presidente do BC, Roberto Campos Neto, negou, contudo, que exista algum tipo de \u201cchantagem\u201d endere\u00e7ada ao Congresso em rela\u00e7\u00e3o \u00e0 aprova\u00e7\u00e3o das mudan\u00e7as na Previd\u00eancia para que a taxa b\u00e1sica de juros Selic possa sofrer novo corte. Segundo ele, o BC simplesmente ressaltou que o fator de risco relacionado ao andamento das reformas \u00e9 \u201cpreponderante\u201d neste momento.<\/p>\n<p>&nbsp;<\/p>\n<p>\u201cA continuidade do processo de reformas e ajustes necess\u00e1rios na economia brasileira \u00e9 essencial para a queda da taxa de juros estrutural, para o funcionamento da pol\u00edtica monet\u00e1ria e para a recupera\u00e7\u00e3o sustent\u00e1vel da economia\u201d, destacou. Campos Neto disse que o cen\u00e1rio b\u00e1sico com que o BC trabalha \u00e9 de que a reforma ser\u00e1 aprovada. \u201cSe n\u00e3o for, haver\u00e1 sensibilidade contr\u00e1ria\u201d, ponderou.<\/p>\n<p>&nbsp;<\/p>\n<p>O diretor de Pol\u00edtica Econ\u00f4mica do BC, Carlos Viana de Carvalho, apresentou as justificativas para a revis\u00e3o do crescimento do PIB. Conforme ele, foram avaliados tr\u00eas fatores. O cen\u00e1rio externo, com a guerra comercial, a ociosidade da ind\u00fastria e da m\u00e3o de obra, com o mercado de trabalho em lenta recupera\u00e7\u00e3o, e a percep\u00e7\u00e3o de risco na aprova\u00e7\u00e3o das reformas. No entanto, a expectativa futura \u00e9 de que a economia \u201cdeve apresentar desempenho pr\u00f3ximo da estabilidade no segundo trimestre com melhora no segundo semestre\u201d.<\/p>\n<p>&nbsp;<\/p>\n<p><strong>Infla\u00e7\u00e3o<\/strong><\/p>\n<p>&nbsp;<\/p>\n<p>A proje\u00e7\u00e3o do BC para a infla\u00e7\u00e3o medida pelo \u00cdndice Nacional de Pre\u00e7os ao Consumidor Amplo (IPCA) recuou de 3,9% para 3,6% este ano. Para 2020, a expectativa \u00e9 de 3,9%, de acordo com os cen\u00e1rios de juros e c\u00e2mbio estimados pelo Boletim Focus.<\/p>\n<p>&nbsp;<\/p>\n<p>Para Andr\u00e9 Perfeito, economista-chefe da Necton, o relat\u00f3rio veio em linha com a ata do Copom. \u201cN\u00e3o teve novidade e mostra uma situa\u00e7\u00e3o de deteriora\u00e7\u00e3o da economia. O BC considera que a taxa de juros n\u00e3o \u00e9 o verdadeiro problema do fraco crescimento do pa\u00eds, mas sim que os canais de transmiss\u00e3o da Selic e para o bolso dos consumidores est\u00e3o obstru\u00eddos pela falta confian\u00e7a\u201d, avaliou. O especialista considerou que a autoridade monet\u00e1ria est\u00e1 dando a entender que poderia cortar os juros, mas que n\u00e3o o far\u00e1 se tiver reforma.<\/p>\n<p>&nbsp;<\/p>\n<p>No relat\u00f3rio, o BC baixou de 7,2% para 6,5% a previs\u00e3o de crescimento do cr\u00e9dito banc\u00e1rio neste ano. Em 2018, o estoque total atingiu R$ 3,26 trilh\u00f5es, alta de 5,5%, depois de dois anos em queda. Para pessoas jur\u00eddicas, a proje\u00e7\u00e3o de crescimento do cr\u00e9dito em 2019 caiu de 4,1% para 2,5%. \u201c\u00c9 uma contra\u00e7\u00e3o saud\u00e1vel, de substitui\u00e7\u00e3o de cr\u00e9dito para outras fontes de financiamento, como mercado de capitais ou capital externo\u201d, avaliou o diretor Viana de Carvalho. J\u00e1 a manuten\u00e7\u00e3o de cr\u00e9dito para pessoas f\u00edsicas, em 9,7%, foi justificada pelos \u201cn\u00edveis baixos de inadimpl\u00eancia e pelo comprometimento de renda das fam\u00edlias com servi\u00e7os financeiros\u201d.<\/p>\n<p>&nbsp;<\/p>\n<p>O presidente do BC ressaltou, ainda, que diminuir o spread banc\u00e1rio (diferen\u00e7a entre a remunera\u00e7\u00e3o que o banco paga para captar um recurso e quanto cobra para emprestar o mesmo dinheiro) \u00e9 o principal objetivo da institui\u00e7\u00e3o. \u201cEstamos incentivando a competi\u00e7\u00e3o, buscando solu\u00e7\u00f5es junto aos bancos, para entender a diferen\u00e7a dos cr\u00e9ditos emergenciais (rotativo e cheque especial). N\u00e3o estamos contentes com o n\u00edvel atual. Essa \u00e9 uma briga cont\u00ednua do BC\u201d, destacou Campos Neto.<\/p>\n<p>&nbsp;<\/p>\n<p><em>Bras\u00edlia, 18h43min<\/em><\/p>\n","protected":false},"excerpt":{"rendered":"<p>SIMONE KAFRUNI O Banco Central (BC) reduziu de 2% para 0,8% a previs\u00e3o de crescimento do Produto Interno Bruto (PIB) brasileiro em 2019. No relat\u00f3rio trimestral de infla\u00e7\u00e3o, divulgado ontem, a autoridade monet\u00e1ria condicionou essa perspectiva ao cen\u00e1rio de continuidade das reformas e ajustes e destacou que a proje\u00e7\u00e3o \u201cincorpora expectativa de recupera\u00e7\u00e3o da atividade [&hellip;]<\/p>\n","protected":false},"author":22,"featured_media":0,"comment_status":"open","ping_status":"closed","sticky":false,"template":"","format":"standard","meta":{"wpb_read_more":[],"footnotes":""},"categories":[600],"tags":[],"class_list":["post-11131","post","type-post","status-publish","format-standard","hentry","category-economia"],"_links":{"self":[{"href":"https:\/\/blogs2.correiobraziliense.com.br\/vicente\/wp-json\/wp\/v2\/posts\/11131","targetHints":{"allow":["GET"]}}],"collection":[{"href":"https:\/\/blogs2.correiobraziliense.com.br\/vicente\/wp-json\/wp\/v2\/posts"}],"about":[{"href":"https:\/\/blogs2.correiobraziliense.com.br\/vicente\/wp-json\/wp\/v2\/types\/post"}],"author":[{"embeddable":true,"href":"https:\/\/blogs2.correiobraziliense.com.br\/vicente\/wp-json\/wp\/v2\/users\/22"}],"replies":[{"embeddable":true,"href":"https:\/\/blogs2.correiobraziliense.com.br\/vicente\/wp-json\/wp\/v2\/comments?post=11131"}],"version-history":[{"count":1,"href":"https:\/\/blogs2.correiobraziliense.com.br\/vicente\/wp-json\/wp\/v2\/posts\/11131\/revisions"}],"predecessor-version":[{"id":11132,"href":"https:\/\/blogs2.correiobraziliense.com.br\/vicente\/wp-json\/wp\/v2\/posts\/11131\/revisions\/11132"}],"wp:attachment":[{"href":"https:\/\/blogs2.correiobraziliense.com.br\/vicente\/wp-json\/wp\/v2\/media?parent=11131"}],"wp:term":[{"taxonomy":"category","embeddable":true,"href":"https:\/\/blogs2.correiobraziliense.com.br\/vicente\/wp-json\/wp\/v2\/categories?post=11131"},{"taxonomy":"post_tag","embeddable":true,"href":"https:\/\/blogs2.correiobraziliense.com.br\/vicente\/wp-json\/wp\/v2\/tags?post=11131"}],"curies":[{"name":"wp","href":"https:\/\/api.w.org\/{rel}","templated":true}]}}