{"id":11133,"date":"2019-06-28T15:01:57","date_gmt":"2019-06-28T18:01:57","guid":{"rendered":"https:\/\/blogs2.correiobraziliense.com.br\/vicente\/?p=11133"},"modified":"2019-06-28T17:30:17","modified_gmt":"2019-06-28T20:30:17","slug":"brasil-pode-ganhar-mercado-de-ate-us-500-bi-com-acordo-entre-mercosul-e-ue","status":"publish","type":"post","link":"https:\/\/blogs2.correiobraziliense.com.br\/vicente\/brasil-pode-ganhar-mercado-de-ate-us-500-bi-com-acordo-entre-mercosul-e-ue\/","title":{"rendered":"Brasil pode ganhar mercado de at\u00e9 US$ 500 bi com acordo entre Mercosul e UE"},"content":{"rendered":"<figure id=\"attachment_11134\" aria-describedby=\"caption-attachment-11134\" style=\"width: 400px\" class=\"wp-caption alignleft\"><a href=\"https:\/\/blogs2.correiobraziliense.com.br\/vicente\/wp-content\/uploads\/sites\/16\/2019\/06\/BolsonaroMacri.jpg\"><img loading=\"lazy\" decoding=\"async\" class=\"size-full wp-image-11134\" src=\"https:\/\/blogs2.correiobraziliense.com.br\/vicente\/wp-content\/uploads\/sites\/16\/2019\/06\/BolsonaroMacri.jpg\" alt=\"\" width=\"400\" height=\"281\" srcset=\"https:\/\/blogs2.correiobraziliense.com.br\/vicente\/wp-content\/uploads\/sites\/16\/2019\/06\/BolsonaroMacri.jpg 400w, https:\/\/blogs2.correiobraziliense.com.br\/vicente\/wp-content\/uploads\/sites\/16\/2019\/06\/BolsonaroMacri-300x211.jpg 300w, https:\/\/blogs2.correiobraziliense.com.br\/vicente\/wp-content\/uploads\/sites\/16\/2019\/06\/BolsonaroMacri-350x246.jpg 350w, https:\/\/blogs2.correiobraziliense.com.br\/vicente\/wp-content\/uploads\/sites\/16\/2019\/06\/BolsonaroMacri-230x162.jpg 230w\" sizes=\"auto, (max-width: 400px) 100vw, 400px\" \/><\/a><figcaption id=\"caption-attachment-11134\" class=\"wp-caption-text\"><strong>Foto:<\/strong> Juan Mabromata\/ AFP<\/figcaption><\/figure>\n<h2>RODOLFO COSTA<\/h2>\n<h2><\/h2>\n<h2>Depois de longos 20 anos de negocia\u00e7\u00e3o, finalmente, foi fechado o acordo de livre com\u00e9rcio entre o Mercosul, bloco que re\u00fane Brasil, Argentina, Uruguai e Paraguai, e a Uni\u00e3o Europeia. Acredita-se que a parceria resultar\u00e1 na amplia\u00e7\u00e3o das exporta\u00e7\u00f5es do Brasil para a Europa entre US$ 100 bilh\u00f5es, pelos c\u00e1lculos do Minist\u00e9rio da Economia, e US$ 500 bilh\u00f5es em 15 anos, segundo a Consultoria BMJ.<\/h2>\n<p>&nbsp;<\/p>\n<p>O fechamento do acordo teve como protagonistas os presidentes do Brasil, Jair Bolsonaro, e da Argentina, Maur\u00edcio Macri. Do lado da Uni\u00e3o Europeia, o grande ator foi a Alemanha. A Fran\u00e7a resistiu ao m\u00e1ximo em assinar o documento, mas, no final, acabou cedendo.<\/p>\n<p>&nbsp;<\/p>\n<p>Segundo Wagner Parente, presidente da Consultoria BMJ, especializada em com\u00e9rcio exterior, &#8220;o\u00a0acordo tem um impacto sist\u00eamico, al\u00e9m dos ganhos de acesso a mercado, destravando a agenda negociadora brasileira e trazendo experi\u00eancia para o pa\u00eds nesse tipo de negocia\u00e7\u00e3o&#8221; . Al\u00e9m disso, acrescenta ele, &#8220;ser\u00e1 interessante observar como o Congresso Nacional lidar\u00e1 com a internaliza\u00e7\u00e3o do acordo, in\u00e9dito em import\u00e2ncia e magnitude.\u201d<\/p>\n<p>&nbsp;<\/p>\n<p>Parente ressalta que o acordo \u00e9 o mais ambicioso j\u00e1 assinado pelo Mercosul e representa um sinal concreto da inten\u00e7\u00e3o de se abrir ao mercado mundial. &#8220;Sua conclus\u00e3o fortalece institucionalmente o bloco, que vem, h\u00e1 alguns anos, sofrendo duras cr\u00edticas pela falta de avan\u00e7o da pauta de integra\u00e7\u00e3o e pouca participa\u00e7\u00e3o no com\u00e9rcio global, em meio \u00e0s crises econ\u00f4micas enfrentadas pelos Estados Partes&#8221;, diz.<\/p>\n<p>&nbsp;<\/p>\n<figure id=\"attachment_11135\" aria-describedby=\"caption-attachment-11135\" style=\"width: 400px\" class=\"wp-caption alignleft\"><a href=\"https:\/\/blogs2.correiobraziliense.com.br\/vicente\/wp-content\/uploads\/sites\/16\/2019\/06\/WagnerParente.jpg\"><img loading=\"lazy\" decoding=\"async\" class=\"size-full wp-image-11135\" src=\"https:\/\/blogs2.correiobraziliense.com.br\/vicente\/wp-content\/uploads\/sites\/16\/2019\/06\/WagnerParente.jpg\" alt=\"\" width=\"400\" height=\"295\" srcset=\"https:\/\/blogs2.correiobraziliense.com.br\/vicente\/wp-content\/uploads\/sites\/16\/2019\/06\/WagnerParente.jpg 400w, https:\/\/blogs2.correiobraziliense.com.br\/vicente\/wp-content\/uploads\/sites\/16\/2019\/06\/WagnerParente-300x221.jpg 300w, https:\/\/blogs2.correiobraziliense.com.br\/vicente\/wp-content\/uploads\/sites\/16\/2019\/06\/WagnerParente-350x258.jpg 350w, https:\/\/blogs2.correiobraziliense.com.br\/vicente\/wp-content\/uploads\/sites\/16\/2019\/06\/WagnerParente-230x170.jpg 230w\" sizes=\"auto, (max-width: 400px) 100vw, 400px\" \/><\/a><figcaption id=\"caption-attachment-11135\" class=\"wp-caption-text\"><strong>Foto:<\/strong> Ana Rayssa\/ CB Press<\/figcaption><\/figure>\n<p>Para ele, o acordo fortalece tamb\u00e9m a agenda de negocia\u00e7\u00f5es comerciais em curso, podendo levar \u00e0 conclus\u00e3o de acordos com o Canad\u00e1, EFTA e a Coreia do Sul no curto prazo. Parente ressalta ainda que, similar ao que se observa no Brasil, a conclus\u00e3o do acordo poder\u00e1 tamb\u00e9m dar novo f\u00f4lego \u00e0 agenda liberal nos parceiros do bloco e, em particular, na Argentina, onde o candidato \u00e0 reelei\u00e7\u00e3o presidencial, Maur\u00edcio Macri, vem perdendo popularidade e espa\u00e7o nas pesquisas eleitorais para o candidato de esquerda. &#8220;Cabe destacar que o resultado das elei\u00e7\u00f5es argentinas poder\u00e1 influir mais adiante no processo de internaliza\u00e7\u00e3o do acordo&#8221;, acrescenta.<\/p>\n<p>&nbsp;<\/p>\n<p>Na avalia\u00e7\u00e3o de Welber Barral, s\u00f3cio-fundador da BMJ, foi uma longa negocia\u00e7\u00e3o, para a qual se esfor\u00e7aram v\u00e1rios governos. &#8220;Ainda h\u00e1 um per\u00edodo longo para ratifica\u00e7\u00e3o e implementa\u00e7\u00e3o, mas j\u00e1 \u00e9 um sinal positivo para comercio e investimentos entre Europa e Mercosul.\u201d<\/p>\n<p><strong>O que foi negociado<\/strong><\/p>\n<p>O acordo eliminar\u00e1 as tarifas de importa\u00e7\u00e3o para mais de 90% dos produtos comercializados entre os dois blocos.<\/p>\n<p>\u2022 A maior parte dos produtos que n\u00e3o ter\u00e3o as tarifas eliminadas, ter\u00e3o cotas de importa\u00e7\u00e3o sem a incid\u00eancia ou com redu\u00e7\u00e3o de tarifas.<br \/>\n\u2022 A elimina\u00e7\u00e3o das tarifas ser\u00e1 diferente para cada produto, variando entre 0 e 15 anos.<br \/>\n\u2022 Al\u00e9m da elimina\u00e7\u00e3o de tarifas, o acordo ter\u00e1 mais de 20 cap\u00edtulos, com regras sobre diversos temas como medidas sanit\u00e1rias e fitossanit\u00e1rias, compras governamentais, barreiras t\u00e9cnicas ao com\u00e9rcio, e com\u00e9rcio e desenvolvimento sustent\u00e1vel.<br \/>\n\u2022 O acordo introduz novas disciplinas as regras de com\u00e9rcio do bloco, com novos temas, para o Mercosul, como desenvolvimento sustent\u00e1vel, empresas estatais e a autocertifica\u00e7\u00e3o de regras de origem.<\/p>\n<p>&nbsp;<\/p>\n<p><strong>Impactos no Brasil<\/strong><\/p>\n<p><strong>\u2022<\/strong> A aprova\u00e7\u00e3o de um acordo t\u00e3o importante, que se arrasta h\u00e1 20 anos, passando\u00a0por quatro diferentes governos, \u00e9 uma grande vit\u00f3ria pol\u00edtica para a administra\u00e7\u00e3o de Bolsonaro e, em particular, para a agenda liberal do Minist\u00e9rio da Economia.<br \/>\n<strong>\u2022<\/strong> O acesso preferencial ao mercado europeu tem um potencial de aumentar as exporta\u00e7\u00f5es brasileiras em at\u00e9 R$ 500 bilh\u00f5es, em um per\u00edodo de 15 anos.<br \/>\n<strong>\u2022<\/strong> Se por um lado o sucesso na conclus\u00e3o do Acordo ser\u00e1 usado para refor\u00e7ar e avan\u00e7ar a narrativa de abertura comercial defendida pela equipe econ\u00f4mica; por outro lado, os efeitos pr\u00e1ticos do acordo n\u00e3o dever\u00e3o ser sentidos no curto prazo e diversos setores econ\u00f4micos saem pessimistas do que foi de fato concedido e alcan\u00e7ado \u2014\u00a0incluindo segmentos do agroneg\u00f3cio.<br \/>\n\u2022 A redu\u00e7\u00e3o tarif\u00e1ria de setores historicamente protegidos ser\u00e1 um teste para a\u00a0abertura comercial, permitindo uma vis\u00e3o realista de como a economia brasileira se comportar\u00e1 em um cen\u00e1rio de maior abertura.<br \/>\n\u2022 A concorr\u00eancia com empresas estrangeiras no mercado dom\u00e9stico poder\u00e1 elevar\u00a0a competitividade de determinados segmentos no m\u00e9dio e longo prazo, mas ao mesmo tempo elevar\u00e1 a press\u00e3o sobre o governo para melhorar o ambiente de neg\u00f3cios no pa\u00eds.<br \/>\n\u2022 Al\u00e9m disso, o Acordo dificilmente servir\u00e1 a prop\u00f3sitos eleitorais ou ser\u00e1 traduzido\u00a0em apoio pol\u00edtico em Bras\u00edlia na discuss\u00e3o de outros temas, visto que a maior parte da popula\u00e7\u00e3o \u00e9 alheia \u00e0s quest\u00f5es internacionais.<\/p>\n","protected":false},"excerpt":{"rendered":"<p>RODOLFO COSTA Depois de longos 20 anos de negocia\u00e7\u00e3o, finalmente, foi fechado o acordo de livre com\u00e9rcio entre o Mercosul, bloco que re\u00fane Brasil, Argentina, Uruguai e Paraguai, e a Uni\u00e3o Europeia. Acredita-se que a parceria resultar\u00e1 na amplia\u00e7\u00e3o das exporta\u00e7\u00f5es do Brasil para a Europa entre US$ 100 bilh\u00f5es, pelos c\u00e1lculos do Minist\u00e9rio da [&hellip;]<\/p>\n","protected":false},"author":22,"featured_media":0,"comment_status":"open","ping_status":"closed","sticky":false,"template":"","format":"standard","meta":{"wpb_read_more":[],"footnotes":""},"categories":[600],"tags":[2554,378,723,3331,3198,394],"class_list":["post-11133","post","type-post","status-publish","format-standard","hentry","category-economia","tag-bolsonaro","tag-brasil","tag-exportacoes","tag-macri","tag-mercosul","tag-uniao-europeia"],"_links":{"self":[{"href":"https:\/\/blogs2.correiobraziliense.com.br\/vicente\/wp-json\/wp\/v2\/posts\/11133","targetHints":{"allow":["GET"]}}],"collection":[{"href":"https:\/\/blogs2.correiobraziliense.com.br\/vicente\/wp-json\/wp\/v2\/posts"}],"about":[{"href":"https:\/\/blogs2.correiobraziliense.com.br\/vicente\/wp-json\/wp\/v2\/types\/post"}],"author":[{"embeddable":true,"href":"https:\/\/blogs2.correiobraziliense.com.br\/vicente\/wp-json\/wp\/v2\/users\/22"}],"replies":[{"embeddable":true,"href":"https:\/\/blogs2.correiobraziliense.com.br\/vicente\/wp-json\/wp\/v2\/comments?post=11133"}],"version-history":[{"count":5,"href":"https:\/\/blogs2.correiobraziliense.com.br\/vicente\/wp-json\/wp\/v2\/posts\/11133\/revisions"}],"predecessor-version":[{"id":11142,"href":"https:\/\/blogs2.correiobraziliense.com.br\/vicente\/wp-json\/wp\/v2\/posts\/11133\/revisions\/11142"}],"wp:attachment":[{"href":"https:\/\/blogs2.correiobraziliense.com.br\/vicente\/wp-json\/wp\/v2\/media?parent=11133"}],"wp:term":[{"taxonomy":"category","embeddable":true,"href":"https:\/\/blogs2.correiobraziliense.com.br\/vicente\/wp-json\/wp\/v2\/categories?post=11133"},{"taxonomy":"post_tag","embeddable":true,"href":"https:\/\/blogs2.correiobraziliense.com.br\/vicente\/wp-json\/wp\/v2\/tags?post=11133"}],"curies":[{"name":"wp","href":"https:\/\/api.w.org\/{rel}","templated":true}]}}