{"id":11141,"date":"2019-06-28T17:03:04","date_gmt":"2019-06-28T20:03:04","guid":{"rendered":"https:\/\/blogs2.correiobraziliense.com.br\/vicente\/?p=11141"},"modified":"2019-06-28T17:03:04","modified_gmt":"2019-06-28T20:03:04","slug":"governo-recua-e-sinaliza-fixar-aliquota-de-ipi-de-xarope-de-refrigerantes-na-zona-franca-de-manaus-em-10","status":"publish","type":"post","link":"https:\/\/blogs2.correiobraziliense.com.br\/vicente\/governo-recua-e-sinaliza-fixar-aliquota-de-ipi-de-xarope-de-refrigerantes-na-zona-franca-de-manaus-em-10\/","title":{"rendered":"Governo recua e sinaliza fixar al\u00edquota de IPI de xarope de refrigerantes na Zona Franca de Manaus em 10%"},"content":{"rendered":"<p><span style=\"font-weight: 400\">RODOLFO COSTA<\/span><\/p>\n<p><span style=\"font-weight: 400\">O governo deve editar na segunda-feira (1\u00ba\/7) um decreto fixando a al\u00edquota do Imposto sobre Produto Industrializado (IPI) de xarope de refrigerantes produzidos na Zona Franca de Manaus em 10%. A informa\u00e7\u00e3o circula entre membros da Frente Parlamentar Mista em Defesa da Ind\u00fastria Brasileira de Bebidas e de associa\u00e7\u00f5es do setor que, nas \u00faltimas semanas, abriu di\u00e1logo para que o governo zerasse a taxa.<\/span><\/p>\n<p>&nbsp;<\/p>\n<p>O movimento feito pela equipe econ\u00f4mica, respons\u00e1vel pela parte t\u00e9cnica do decreto, est\u00e1 sendo criticada pelos produtores nacionais. Em reuni\u00e3o na ter\u00e7a-feira (18\/9) com o presidente Jair Bolsonaro e o ministro da Economia, Paulo Guedes, a sinaliza\u00e7\u00e3o era de que o governo prometeu quebrar monop\u00f3lios e ampliar a competitividade. Embora n\u00e3o tenha acenado com a possibilidade real de reduzir a 0%, a disposi\u00e7\u00e3o era para diminuir para algo pr\u00f3ximo de 4%.<\/p>\n<p>&nbsp;<\/p>\n<p><span style=\"font-weight: 400\">A al\u00edquota do IPI de xarope de refrigerantes est\u00e1, atualmente, em 12%. A redu\u00e7\u00e3o era vista no mercado como uma possibilidade at\u00e9 de ampliar a arrecada\u00e7\u00e3o. No segundo semestre, cairia para 8% e, em janeiro de 2020, para 4%. Ao sugerir coloc\u00e1-la em 10%, o governo tenta encontrar um ponto de equil\u00edbrio entre demandas opostas. As gigantes do setor de bebidas, Coca-Cola e AmBev, pleiteiam o aumento do imposto para 20%, como era antes de o ex-presidente Michel Temer assinar decreto com a redu\u00e7\u00e3o escalonada da tributa\u00e7\u00e3o.\u00a0<\/span><\/p>\n<p>&nbsp;<\/p>\n<p><strong>Chantagem<\/strong><\/p>\n<p><span style=\"font-weight: 400\">J\u00e1 a Frente Parlamentar Mista em Defesa da Ind\u00fastria Brasileira de Bebidas defende a al\u00edquota em 0%, alegando que, assim, \u00e9 poss\u00edvel ampliar a competitividade entre os pequenos e grandes produtores no setor de bebidas. As gigantes do setor podem reverter o IPI que deveriam pagar sobre o xarope em cr\u00e9dito tribut\u00e1rio, que usam para diminuir o custo na produ\u00e7\u00e3o e obter pre\u00e7os mais competitivos do que os produtores nacionais.\u00a0<\/span><\/p>\n<p>&nbsp;<\/p>\n<p><span style=\"font-weight: 400\">A bronca \u00e9 grande entre os produtores nacionais. Sustentam que o governo ir\u00e1 retroceder em tudo que tem tido na \u00e1rea pol\u00edtica e econ\u00f4mica se submeter-se \u00e0 chantagem da bancada dos concentrados de refrigerantes da Zona Franca de Manaus. A informa\u00e7\u00e3o que eles tinham era de que at\u00e9 esta sexta-feira (28\/6) estaria publicado no Di\u00e1rio Oficial da Uni\u00e3o um decreto fixando o IPI do concentrado em 10%.\u00a0<\/span><\/p>\n<p>&nbsp;<\/p>\n<p><span style=\"font-weight: 400\">O presidente da bancada da ind\u00fastria brasileira de bebidas, deputado Fausto Pinato (PP-SP), lamenta e atribui a iminente derrota ao poder econ\u00f4mico das multinacionais de bebidas que, para ele, prejudica a todos os produtores nacionais. Mas promete lutar at\u00e9 o enfim e endurecer a batalha no Parlamento. \u201cSe houver recuo do governo em rela\u00e7\u00e3o ao IPI, minha frente vai reagir. Temos mais votos que a bancada de Manaus e estamos com a legalidade ao nosso lado\u201d, declarou ao <\/span><b>Blog<\/b><span style=\"font-weight: 400\">. <\/span><\/p>\n","protected":false},"excerpt":{"rendered":"<p>RODOLFO COSTA O governo deve editar na segunda-feira (1\u00ba\/7) um decreto fixando a al\u00edquota do Imposto sobre Produto Industrializado (IPI) de xarope de refrigerantes produzidos na Zona Franca de Manaus em 10%. A informa\u00e7\u00e3o circula entre membros da Frente Parlamentar Mista em Defesa da Ind\u00fastria Brasileira de Bebidas e de associa\u00e7\u00f5es do setor que, nas [&hellip;]<\/p>\n","protected":false},"author":22,"featured_media":11046,"comment_status":"open","ping_status":"closed","sticky":false,"template":"","format":"standard","meta":{"wpb_read_more":[],"footnotes":""},"categories":[600],"tags":[2554,3909,3616,1686,3972,3971,3973,3949],"class_list":["post-11141","post","type-post","status-publish","format-standard","has-post-thumbnail","hentry","category-economia","tag-bolsonaro","tag-fausto-pinato","tag-guedes","tag-manaus","tag-refrigerante","tag-xarope","tag-zfm","tag-zona-franca-de-manaus"],"_links":{"self":[{"href":"https:\/\/blogs2.correiobraziliense.com.br\/vicente\/wp-json\/wp\/v2\/posts\/11141","targetHints":{"allow":["GET"]}}],"collection":[{"href":"https:\/\/blogs2.correiobraziliense.com.br\/vicente\/wp-json\/wp\/v2\/posts"}],"about":[{"href":"https:\/\/blogs2.correiobraziliense.com.br\/vicente\/wp-json\/wp\/v2\/types\/post"}],"author":[{"embeddable":true,"href":"https:\/\/blogs2.correiobraziliense.com.br\/vicente\/wp-json\/wp\/v2\/users\/22"}],"replies":[{"embeddable":true,"href":"https:\/\/blogs2.correiobraziliense.com.br\/vicente\/wp-json\/wp\/v2\/comments?post=11141"}],"version-history":[{"count":1,"href":"https:\/\/blogs2.correiobraziliense.com.br\/vicente\/wp-json\/wp\/v2\/posts\/11141\/revisions"}],"predecessor-version":[{"id":11143,"href":"https:\/\/blogs2.correiobraziliense.com.br\/vicente\/wp-json\/wp\/v2\/posts\/11141\/revisions\/11143"}],"wp:featuredmedia":[{"embeddable":true,"href":"https:\/\/blogs2.correiobraziliense.com.br\/vicente\/wp-json\/wp\/v2\/media\/11046"}],"wp:attachment":[{"href":"https:\/\/blogs2.correiobraziliense.com.br\/vicente\/wp-json\/wp\/v2\/media?parent=11141"}],"wp:term":[{"taxonomy":"category","embeddable":true,"href":"https:\/\/blogs2.correiobraziliense.com.br\/vicente\/wp-json\/wp\/v2\/categories?post=11141"},{"taxonomy":"post_tag","embeddable":true,"href":"https:\/\/blogs2.correiobraziliense.com.br\/vicente\/wp-json\/wp\/v2\/tags?post=11141"}],"curies":[{"name":"wp","href":"https:\/\/api.w.org\/{rel}","templated":true}]}}