{"id":1115,"date":"2016-05-25T08:45:39","date_gmt":"2016-05-25T11:45:39","guid":{"rendered":"https:\/\/blogs2.correiobraziliense.com.br\/vicente\/?p=1115"},"modified":"2016-05-25T11:43:08","modified_gmt":"2016-05-25T14:43:08","slug":"enfim-miriam-belchior-e-demitida-da-presidencia-da-caixa","status":"publish","type":"post","link":"https:\/\/blogs2.correiobraziliense.com.br\/vicente\/enfim-miriam-belchior-e-demitida-da-presidencia-da-caixa\/","title":{"rendered":"Enfim, M\u00edriam Belchior \u00e9 demitida da presid\u00eancia da Caixa"},"content":{"rendered":"<p>Demorou, mas o presidente interino, Michel Temer, demitiu hoje M\u00edriam Belchior da presid\u00eancia da Caixa Econ\u00f4mica Federal. A exonera\u00e7\u00e3o da petista foi publicada no Di\u00e1rio Oficial da Uni\u00e3o (DOU) desta quarta-feira. Havia uma grande expectativa quanto \u00e0 decis\u00e3o do peemedebista de mudar o comando da institui\u00e7\u00e3o, que vem apresentando p\u00e9ssimos resultados e pode exigir capitaliza\u00e7\u00e3o por parte do Tesouro Nacional.<\/p>\n<p>&nbsp;<\/p>\n<p>Neste primeiro momento, Miriam ser\u00e1 substitu\u00edda interinamente pelo vice-presidente de tecnologia da informa\u00e7\u00e3o da Caixa, Joaquim Lima de Oliveira, funcion\u00e1rio de carreira. Ele tem 59 anos e entrou no banco em 1979. J\u00e1 foi vice-presid\u00eancia de Governo e Loterias. A perspectiva, no entanto, \u00e9 de que o ministro da Fazenda, Henrique Meirelles, e Temer batam o martelo sobre o nome do futuro presidente da Caixa ainda nesta semana. O nome ainda mais forte \u00e9 o de Gilberto Occhi, tamb\u00e9m funcion\u00e1rio de carreira do banco, mas indicado pelo PP.<\/p>\n<p>&nbsp;<\/p>\n<p>M\u00edriam \u00e9 considerada uma da piores comandantes que a Caixa j\u00e1 teve. Desde que assumiu a institui\u00e7\u00e3o, os resultados s\u00f3 pioraram. Ela provocou como\u00e7\u00e3o entre os empregados do banco ao promover um programa de reestrutura\u00e7\u00e3o sem qualquer discuss\u00e3o. A demiss\u00e3o dela trouxe euforia entre os funcion\u00e1rios da Caixa.<\/p>\n<p>&nbsp;<\/p>\n<p>&nbsp;<\/p>\n<p><em>Bras\u00edlia, 08h45min<\/em><\/p>\n","protected":false},"excerpt":{"rendered":"<p>Demorou, mas o presidente interino, Michel Temer, demitiu hoje M\u00edriam Belchior da presid\u00eancia da Caixa Econ\u00f4mica Federal. A exonera\u00e7\u00e3o da petista foi publicada no Di\u00e1rio Oficial da Uni\u00e3o (DOU) desta quarta-feira. Havia uma grande expectativa quanto \u00e0 decis\u00e3o do peemedebista de mudar o comando da institui\u00e7\u00e3o, que vem apresentando p\u00e9ssimos resultados e pode exigir capitaliza\u00e7\u00e3o [&hellip;]<\/p>\n","protected":false},"author":22,"featured_media":0,"comment_status":"open","ping_status":"closed","sticky":false,"template":"","format":"standard","meta":{"wpb_read_more":[],"footnotes":""},"categories":[1],"tags":[],"class_list":["post-1115","post","type-post","status-publish","format-standard","hentry","category-sem-categoria"],"_links":{"self":[{"href":"https:\/\/blogs2.correiobraziliense.com.br\/vicente\/wp-json\/wp\/v2\/posts\/1115","targetHints":{"allow":["GET"]}}],"collection":[{"href":"https:\/\/blogs2.correiobraziliense.com.br\/vicente\/wp-json\/wp\/v2\/posts"}],"about":[{"href":"https:\/\/blogs2.correiobraziliense.com.br\/vicente\/wp-json\/wp\/v2\/types\/post"}],"author":[{"embeddable":true,"href":"https:\/\/blogs2.correiobraziliense.com.br\/vicente\/wp-json\/wp\/v2\/users\/22"}],"replies":[{"embeddable":true,"href":"https:\/\/blogs2.correiobraziliense.com.br\/vicente\/wp-json\/wp\/v2\/comments?post=1115"}],"version-history":[{"count":1,"href":"https:\/\/blogs2.correiobraziliense.com.br\/vicente\/wp-json\/wp\/v2\/posts\/1115\/revisions"}],"predecessor-version":[{"id":1116,"href":"https:\/\/blogs2.correiobraziliense.com.br\/vicente\/wp-json\/wp\/v2\/posts\/1115\/revisions\/1116"}],"wp:attachment":[{"href":"https:\/\/blogs2.correiobraziliense.com.br\/vicente\/wp-json\/wp\/v2\/media?parent=1115"}],"wp:term":[{"taxonomy":"category","embeddable":true,"href":"https:\/\/blogs2.correiobraziliense.com.br\/vicente\/wp-json\/wp\/v2\/categories?post=1115"},{"taxonomy":"post_tag","embeddable":true,"href":"https:\/\/blogs2.correiobraziliense.com.br\/vicente\/wp-json\/wp\/v2\/tags?post=1115"}],"curies":[{"name":"wp","href":"https:\/\/api.w.org\/{rel}","templated":true}]}}