{"id":1117,"date":"2016-05-25T15:50:06","date_gmt":"2016-05-25T18:50:06","guid":{"rendered":"https:\/\/blogs2.correiobraziliense.com.br\/vicente\/?p=1117"},"modified":"2016-05-25T16:37:01","modified_gmt":"2016-05-25T19:37:01","slug":"em-12-meses-pais-ja-fechou-1885-milhao-de-empregos-formais","status":"publish","type":"post","link":"https:\/\/blogs2.correiobraziliense.com.br\/vicente\/em-12-meses-pais-ja-fechou-1885-milhao-de-empregos-formais\/","title":{"rendered":"Em 12 meses, pa\u00eds j\u00e1 fechou 1,825 milh\u00e3o de empregos formais"},"content":{"rendered":"<p>C\u00c9LIA PERRONE<\/p>\n<p>&nbsp;<\/p>\n<p>O desemprego n\u00e3o d\u00e1 tr\u00e9gua. Em abril, foram fechadas 62.844 vagas formais no pa\u00eds, n\u00famero inferior ao do mesmo m\u00eas do ano passado, mas extremamente alto para o hist\u00f3rico dos \u00faltimos anos.<\/p>\n<p>&nbsp;<\/p>\n<p>Segundo o Cadastro Geral de Empregados e Desempregados (Caged), o com\u00e9rcio liderou o desemprego no m\u00eas passado, fechando 30,5 mil postos, seguido pela constru\u00e7\u00e3o civil, de demitiu 16 mil a mais do que contratou.<\/p>\n<p>&nbsp;<\/p>\n<p>No ano, ressaltou o Minist\u00e9rio do Trabalho, as demiss\u00f5es superaram as contrata\u00e7\u00f5es em 378.481 vagas. Em 12 meses, o Brasil destruiu 1,825 milh\u00e3o de empregos com carteira assinada.<\/p>\n<p>&nbsp;<\/p>\n<p>Todos esses n\u00fameros ainda s\u00e3o decorrentes da destrui\u00e7\u00e3o que a presidente afastada, Dilma Rousseff, promoveu na economia.<\/p>\n<p>&nbsp;<\/p>\n<p><em>Bras\u00edlia, 15h50min<\/em><\/p>\n","protected":false},"excerpt":{"rendered":"<p>C\u00c9LIA PERRONE &nbsp; O desemprego n\u00e3o d\u00e1 tr\u00e9gua. Em abril, foram fechadas 62.844 vagas formais no pa\u00eds, n\u00famero inferior ao do mesmo m\u00eas do ano passado, mas extremamente alto para o hist\u00f3rico dos \u00faltimos anos. &nbsp; Segundo o Cadastro Geral de Empregados e Desempregados (Caged), o com\u00e9rcio liderou o desemprego no m\u00eas passado, fechando 30,5 [&hellip;]<\/p>\n","protected":false},"author":22,"featured_media":0,"comment_status":"open","ping_status":"closed","sticky":false,"template":"","format":"standard","meta":{"wpb_read_more":[],"footnotes":""},"categories":[1],"tags":[],"class_list":["post-1117","post","type-post","status-publish","format-standard","hentry","category-sem-categoria"],"_links":{"self":[{"href":"https:\/\/blogs2.correiobraziliense.com.br\/vicente\/wp-json\/wp\/v2\/posts\/1117","targetHints":{"allow":["GET"]}}],"collection":[{"href":"https:\/\/blogs2.correiobraziliense.com.br\/vicente\/wp-json\/wp\/v2\/posts"}],"about":[{"href":"https:\/\/blogs2.correiobraziliense.com.br\/vicente\/wp-json\/wp\/v2\/types\/post"}],"author":[{"embeddable":true,"href":"https:\/\/blogs2.correiobraziliense.com.br\/vicente\/wp-json\/wp\/v2\/users\/22"}],"replies":[{"embeddable":true,"href":"https:\/\/blogs2.correiobraziliense.com.br\/vicente\/wp-json\/wp\/v2\/comments?post=1117"}],"version-history":[{"count":4,"href":"https:\/\/blogs2.correiobraziliense.com.br\/vicente\/wp-json\/wp\/v2\/posts\/1117\/revisions"}],"predecessor-version":[{"id":1121,"href":"https:\/\/blogs2.correiobraziliense.com.br\/vicente\/wp-json\/wp\/v2\/posts\/1117\/revisions\/1121"}],"wp:attachment":[{"href":"https:\/\/blogs2.correiobraziliense.com.br\/vicente\/wp-json\/wp\/v2\/media?parent=1117"}],"wp:term":[{"taxonomy":"category","embeddable":true,"href":"https:\/\/blogs2.correiobraziliense.com.br\/vicente\/wp-json\/wp\/v2\/categories?post=1117"},{"taxonomy":"post_tag","embeddable":true,"href":"https:\/\/blogs2.correiobraziliense.com.br\/vicente\/wp-json\/wp\/v2\/tags?post=1117"}],"curies":[{"name":"wp","href":"https:\/\/api.w.org\/{rel}","templated":true}]}}