{"id":11177,"date":"2019-07-05T12:49:24","date_gmt":"2019-07-05T15:49:24","guid":{"rendered":"https:\/\/blogs2.correiobraziliense.com.br\/vicente\/?p=11177"},"modified":"2019-07-05T12:51:06","modified_gmt":"2019-07-05T15:51:06","slug":"nova-estrutura-foi-crucial-para-o-acordo-entre-uniao-europeia-e-mercosul","status":"publish","type":"post","link":"https:\/\/blogs2.correiobraziliense.com.br\/vicente\/nova-estrutura-foi-crucial-para-o-acordo-entre-uniao-europeia-e-mercosul\/","title":{"rendered":"Nova estrutura foi crucial para o acordo entre Uni\u00e3o Europeia e Mercosul"},"content":{"rendered":"<h2><span style=\"font-weight: 400\">ROSANA HESSEL<\/span><\/h2>\n<h2><\/h2>\n<h2><span style=\"font-weight: 400\">A formaliza\u00e7\u00e3o do acordo comercial entre Mercosul e Uni\u00e3o Europeia, anunciado na \u00faltima sexta-feira (28\/06) na c\u00fapula do G20 (grupo das 19 maiores economias desenvolvidas e emergentes do planeta mais a Uni\u00e3o Europeia), no Jap\u00e3o, surpreendeu at\u00e9 mesmo integrantes do Minist\u00e9rio da Economia, pois muitos viam que essa negocia\u00e7\u00e3o teria, provavelmente, o mesmo fim da fat\u00eddica Rodada Doha, de abertura comercial global iniciada em 2001, que foi abandonada ap\u00f3s a crise financeira mundial e a retomada do protecionismo em muitos pa\u00edses.\u00a0<\/span><span style=\"font-weight: 400\">Nos bastidores, a an\u00e1lise sobre o resultado bem sucedido \u00e9 que a nova estrutura do governo foi crucial para que o acordo sa\u00edsse do papel.<\/span><\/h2>\n<h2><\/h2>\n<h2><span style=\"font-weight: 400\">A avalia\u00e7\u00e3o inicial sinaliza que a extin\u00e7\u00e3o do Minist\u00e9rio do Desenvolvimento, Ind\u00fastria e Com\u00e9rcio Exterior (Mdic), que acabava cedendo \u00e0s press\u00f5es de setores da ind\u00fastria e ampliava o protecionismo, travando as conversas, foi fundamental para o resultado. Com isso, a cria\u00e7\u00e3o do Minist\u00e9rio da Economia, o discurso liberal e de abertura, defendido pelo ministro Paulo Guedes e o secret\u00e1rio especial de Com\u00e9rcio Exterior, Marcos Troyjo, prevaleceu dentro da nova pasta.\u00a0 <\/span><\/h2>\n<p>&nbsp;<\/p>\n<p><span style=\"font-weight: 400\">A atua\u00e7\u00e3o da ministra da Agricultura, Tereza Cristina, tamb\u00e9m \u00e9 bastante elogiada internamente para que o acordo sa\u00edsse logo.\u00a0<\/span><span style=\"font-weight: 400\">Al\u00e9m disso, outro fator que contribuiu para o resultado foi o fato de o Minist\u00e9rio das Rela\u00e7\u00f5es Exteriores n\u00e3o estar focado em economia. O fato de as preocupa\u00e7\u00f5es do ministro Ernesto Ara\u00fajo ser mais ideol\u00f3gico ajudou a n\u00e3o atrapalhar as conversas com os europeus, segundo fontes do governo.<\/span><\/p>\n<p>&nbsp;<\/p>\n<p><span style=\"font-weight: 400\">O acordo UE-Mercosul n\u00e3o \u00e9 t\u00e3o amplo como o que estava na mesa no in\u00edcio das negocia\u00e7\u00f5es, que deram a largada h\u00e1 20 anos, mas tem agradado tanto governo quanto empres\u00e1rios com a expectativa de ganhos econ\u00f4micos em torno de US$ 100 bilh\u00f5es em\u00a0 10 anos. Os parlamentos dos dois blocos ainda precisam dar o aval do acordo. Vale lembrar que a Argentina acabou barrando do lado do Mercosul nas \u00faltimas tentativas, mas, devido \u00e0 crise financeira, estava topando qualquer coisa para sair do atoleiro em que se encontra. O presidente argentino, Mauricio Macri, tamb\u00e9m foi bastante atuante durante a atual presid\u00eancia pro-tempore do bloco sul-americano para fechar o acordo.<\/span><\/p>\n","protected":false},"excerpt":{"rendered":"<p>ROSANA HESSEL A formaliza\u00e7\u00e3o do acordo comercial entre Mercosul e Uni\u00e3o Europeia, anunciado na \u00faltima sexta-feira (28\/06) na c\u00fapula do G20 (grupo das 19 maiores economias desenvolvidas e emergentes do planeta mais a Uni\u00e3o Europeia), no Jap\u00e3o, surpreendeu at\u00e9 mesmo integrantes do Minist\u00e9rio da Economia, pois muitos viam que essa negocia\u00e7\u00e3o teria, provavelmente, o mesmo [&hellip;]<\/p>\n","protected":false},"author":22,"featured_media":0,"comment_status":"open","ping_status":"closed","sticky":false,"template":"","format":"standard","meta":{"wpb_read_more":[],"footnotes":""},"categories":[600],"tags":[3976,3198,394],"class_list":["post-11177","post","type-post","status-publish","format-standard","hentry","category-economia","tag-acordo-comercial","tag-mercosul","tag-uniao-europeia"],"_links":{"self":[{"href":"https:\/\/blogs2.correiobraziliense.com.br\/vicente\/wp-json\/wp\/v2\/posts\/11177","targetHints":{"allow":["GET"]}}],"collection":[{"href":"https:\/\/blogs2.correiobraziliense.com.br\/vicente\/wp-json\/wp\/v2\/posts"}],"about":[{"href":"https:\/\/blogs2.correiobraziliense.com.br\/vicente\/wp-json\/wp\/v2\/types\/post"}],"author":[{"embeddable":true,"href":"https:\/\/blogs2.correiobraziliense.com.br\/vicente\/wp-json\/wp\/v2\/users\/22"}],"replies":[{"embeddable":true,"href":"https:\/\/blogs2.correiobraziliense.com.br\/vicente\/wp-json\/wp\/v2\/comments?post=11177"}],"version-history":[{"count":3,"href":"https:\/\/blogs2.correiobraziliense.com.br\/vicente\/wp-json\/wp\/v2\/posts\/11177\/revisions"}],"predecessor-version":[{"id":11180,"href":"https:\/\/blogs2.correiobraziliense.com.br\/vicente\/wp-json\/wp\/v2\/posts\/11177\/revisions\/11180"}],"wp:attachment":[{"href":"https:\/\/blogs2.correiobraziliense.com.br\/vicente\/wp-json\/wp\/v2\/media?parent=11177"}],"wp:term":[{"taxonomy":"category","embeddable":true,"href":"https:\/\/blogs2.correiobraziliense.com.br\/vicente\/wp-json\/wp\/v2\/categories?post=11177"},{"taxonomy":"post_tag","embeddable":true,"href":"https:\/\/blogs2.correiobraziliense.com.br\/vicente\/wp-json\/wp\/v2\/tags?post=11177"}],"curies":[{"name":"wp","href":"https:\/\/api.w.org\/{rel}","templated":true}]}}