{"id":11190,"date":"2019-07-08T16:33:19","date_gmt":"2019-07-08T19:33:19","guid":{"rendered":"https:\/\/blogs2.correiobraziliense.com.br\/vicente\/?p=11190"},"modified":"2019-07-08T16:33:19","modified_gmt":"2019-07-08T19:33:19","slug":"na-asa-sul-gasolina-e-vendida-por-r-409-em-tres-vezes-no-cartao","status":"publish","type":"post","link":"https:\/\/blogs2.correiobraziliense.com.br\/vicente\/na-asa-sul-gasolina-e-vendida-por-r-409-em-tres-vezes-no-cartao\/","title":{"rendered":"Na Asa Sul, gasolina \u00e9 vendida por R$ 4,09 em tr\u00eas vezes no cart\u00e3o"},"content":{"rendered":"<h2>HAMILTON FERRARI<\/h2>\n<h2><\/h2>\n<h2>A semana come\u00e7ou com boas not\u00edcias para os motoristas. Os pre\u00e7os da gasolina est\u00e3o mais pr\u00f3ximos de R$ 4 e podem ser parcelados no cart\u00e3o de cr\u00e9dito. Na Asa Sul, uma das \u00e1reas mais nobres de Bras\u00edlia, o litro do combust\u00edvel est\u00e1 sendo vendido a R$ 4, 089, com a possibilidade de pagamento em at\u00e9 tr\u00eas vezes.<\/h2>\n<p>&nbsp;<\/p>\n<p>A not\u00edcia agrada principalmente os motoristas de transporte por aplicativos, j\u00e1 que as empresas t\u00eam conv\u00eanio com postos de combust\u00edveis.<\/p>\n<p>&nbsp;<\/p>\n<p>De acordo com a tabela de pre\u00e7os vendidos pelas refinarias da Petrobras, o litro da gasolina, em Bras\u00edlia, custa R$ 1,8903. Antes de chegar ao consumidor, nos estabelecimentos, o produto \u00e9 transportado pelas distribuidoras.<\/p>\n<p>&nbsp;<\/p>\n<p>A Ag\u00eancia Nacional de Petr\u00f3leo, G\u00e1s Natural e Biocombust\u00edveis (ANP) calculou que, at\u00e9 o \u00faltimo s\u00e1bado (6\/7), a gasolina era vendida por um pre\u00e7o m\u00e9dio de R$ 3,846 nas distribuidores. Aos consumidores, o valor m\u00e9dio cobrado pelo litro era de R$ 4,284.\u00a0A ANP avalia o n\u00famero de 47 postos no DF.<\/p>\n<p>&nbsp;<\/p>\n<p>No Brasil, o pre\u00e7o m\u00e9dio nas distribuidoras era de R$ 3,931, enquanto que os motoristas pagavam R$ 4,399 pelo produto nos postos de combust\u00edveis.<\/p>\n<p>&nbsp;<\/p>\n<p><em>Bras\u00edlia, 16h30min<\/em><\/p>\n<p>&nbsp;<\/p>\n","protected":false},"excerpt":{"rendered":"<p>HAMILTON FERRARI A semana come\u00e7ou com boas not\u00edcias para os motoristas. Os pre\u00e7os da gasolina est\u00e3o mais pr\u00f3ximos de R$ 4 e podem ser parcelados no cart\u00e3o de cr\u00e9dito. Na Asa Sul, uma das \u00e1reas mais nobres de Bras\u00edlia, o litro do combust\u00edvel est\u00e1 sendo vendido a R$ 4, 089, com a possibilidade de pagamento [&hellip;]<\/p>\n","protected":false},"author":22,"featured_media":11191,"comment_status":"open","ping_status":"closed","sticky":false,"template":"","format":"standard","meta":{"wpb_read_more":[],"footnotes":""},"categories":[600],"tags":[2806,1532,268,228,269],"class_list":["post-11190","post","type-post","status-publish","format-standard","has-post-thumbnail","hentry","category-economia","tag-asa-sul","tag-df","tag-gasolina","tag-petrobras","tag-preco"],"_links":{"self":[{"href":"https:\/\/blogs2.correiobraziliense.com.br\/vicente\/wp-json\/wp\/v2\/posts\/11190","targetHints":{"allow":["GET"]}}],"collection":[{"href":"https:\/\/blogs2.correiobraziliense.com.br\/vicente\/wp-json\/wp\/v2\/posts"}],"about":[{"href":"https:\/\/blogs2.correiobraziliense.com.br\/vicente\/wp-json\/wp\/v2\/types\/post"}],"author":[{"embeddable":true,"href":"https:\/\/blogs2.correiobraziliense.com.br\/vicente\/wp-json\/wp\/v2\/users\/22"}],"replies":[{"embeddable":true,"href":"https:\/\/blogs2.correiobraziliense.com.br\/vicente\/wp-json\/wp\/v2\/comments?post=11190"}],"version-history":[{"count":1,"href":"https:\/\/blogs2.correiobraziliense.com.br\/vicente\/wp-json\/wp\/v2\/posts\/11190\/revisions"}],"predecessor-version":[{"id":11192,"href":"https:\/\/blogs2.correiobraziliense.com.br\/vicente\/wp-json\/wp\/v2\/posts\/11190\/revisions\/11192"}],"wp:featuredmedia":[{"embeddable":true,"href":"https:\/\/blogs2.correiobraziliense.com.br\/vicente\/wp-json\/wp\/v2\/media\/11191"}],"wp:attachment":[{"href":"https:\/\/blogs2.correiobraziliense.com.br\/vicente\/wp-json\/wp\/v2\/media?parent=11190"}],"wp:term":[{"taxonomy":"category","embeddable":true,"href":"https:\/\/blogs2.correiobraziliense.com.br\/vicente\/wp-json\/wp\/v2\/categories?post=11190"},{"taxonomy":"post_tag","embeddable":true,"href":"https:\/\/blogs2.correiobraziliense.com.br\/vicente\/wp-json\/wp\/v2\/tags?post=11190"}],"curies":[{"name":"wp","href":"https:\/\/api.w.org\/{rel}","templated":true}]}}