{"id":11196,"date":"2019-07-09T15:24:28","date_gmt":"2019-07-09T18:24:28","guid":{"rendered":"https:\/\/blogs2.correiobraziliense.com.br\/vicente\/?p=11196"},"modified":"2019-07-09T19:57:46","modified_gmt":"2019-07-09T22:57:46","slug":"spe-nova-projecao-do-pib-de-2019-deve-ficar-entre-08-e-1","status":"publish","type":"post","link":"https:\/\/blogs2.correiobraziliense.com.br\/vicente\/spe-nova-projecao-do-pib-de-2019-deve-ficar-entre-08-e-1\/","title":{"rendered":"SPE: Nova proje\u00e7\u00e3o do PIB vai ficar entre 0,8% e 1%"},"content":{"rendered":"<h2><span style=\"font-weight: 400\">ROSANA HESSEL e\u00a0<\/span><span style=\"font-weight: 400\">HAMILTON FERRARI<\/span><\/h2>\n<h2><\/h2>\n<h2><span style=\"font-weight: 400\">A Secretaria de Pol\u00edtica Econ\u00f4mica (SPE) vai fazer\u00a0 novo corte na proje\u00e7\u00e3o de crescimento da economia brasileira neste ano no pr\u00f3ximo dia 12. E, de acordo com o secret\u00e1rio Adolfo Sachsida, chefe da SPE, a nova estimativa de expans\u00e3o do Produto Interno Bruto (PIB) deste ano ficar\u00e1 entre 0,8% e 1%.\u00a0<\/span><\/h2>\n<p>&nbsp;<\/p>\n<p><span style=\"font-weight: 400\">&#8220;Por enquanto, esse \u00e9 o dado que o nosso modelo est\u00e1 rodando&#8221;, disse ele ao <strong>Blog<\/strong>.\u00a0A estimativa atual est\u00e1 em 1,6%, bem acima da mediana no mercado, de 0,82% ap\u00f3s 19 semanas de cortes consecutivos, mas alguns especialistas come\u00e7am a considerar que o teto para o PIB deste ano est\u00e1 em 0,5%.\u00a0Essa mudan\u00e7a na taxa de crescimento afetar\u00e1 bastante a estimativa de receita do Or\u00e7amento deste ano, for\u00e7ando a necessidade de um novo contingenciamento, que dever\u00e1 ser anunciado no pr\u00f3ximo dia 19.\u00a0<\/span><\/p>\n<p>&nbsp;<\/p>\n<p>\u201cHaver\u00e1 frustra\u00e7\u00e3o de receita\u201d, adiantou Sachsida, justificando o porqu\u00ea novo bloqueio de recursos para o cumprimento da meta fiscal, que permite um rombo de at\u00e9 R$ 139 bilh\u00f5es nas contas do governo central. \u201cQuando fazemos a previs\u00e3o n\u00e3o podemos ser otimista nem pessimista. Tem custo para os dois lados. Vamos fazer o melhor poss\u00edvel com os dados que temos no momento\u201d, disse.<\/p>\n<p>&nbsp;<\/p>\n<p><strong>Transpar\u00eancia<\/strong><\/p>\n<p>&nbsp;<\/p>\n<p><span style=\"font-weight: 400\">Sachsida adiantou que pretende abrir as portas da SPE para os jornalistas na manh\u00e3 do pr\u00f3ximo dia 18. A ideia \u00e9 mostrar como funciona a secretaria respons\u00e1vel por formular projetos e propostas econ\u00f4micas do governo federal e avaliar os impactos macroecon\u00f4micos das pol\u00edticas p\u00fablicas.\u00a0 Os t\u00e9cnicos de cada \u00e1rea far\u00e3o apresenta\u00e7\u00f5es explicando como atuam e fazem as estimativas de cen\u00e1rio.<\/span><\/p>\n<p>&nbsp;<\/p>\n<p><span style=\"font-weight: 400\">\u201cNosso objetivo \u00e9 dar mais transpar\u00eancia para o nosso trabalho para quem \u201d, afirmou o secret\u00e1rio. A secretaria elabora cen\u00e1rios econ\u00f4micos, acompanha e avalia indicadores, desenvolve pesquisas diagn\u00f3sticas buscando o desenvolvimento sustent\u00e1vel dos mercados de cr\u00e9dito, de capitais, de seguros e de Previd\u00eancia complementar, buscando estimular uma maior concorr\u00eancia e abertura de mercado, assim como promover a melhoria do ambiente de neg\u00f3cios rurais por meio da simplifica\u00e7\u00e3o do processo de contrata\u00e7\u00e3o do cr\u00e9dito rural, aprimorar a compreens\u00e3o dos temas fiscais pelo mercado e qualificar o debate com o p\u00fablico externo sobre os rumos da pol\u00edtica fiscal do Pa\u00eds.<\/span><\/p>\n<p>&nbsp;<\/p>\n","protected":false},"excerpt":{"rendered":"<p>ROSANA HESSEL e\u00a0HAMILTON FERRARI A Secretaria de Pol\u00edtica Econ\u00f4mica (SPE) vai fazer\u00a0 novo corte na proje\u00e7\u00e3o de crescimento da economia brasileira neste ano no pr\u00f3ximo dia 12. E, de acordo com o secret\u00e1rio Adolfo Sachsida, chefe da SPE, a nova estimativa de expans\u00e3o do Produto Interno Bruto (PIB) deste ano ficar\u00e1 entre 0,8% e 1%.\u00a0 [&hellip;]<\/p>\n","protected":false},"author":22,"featured_media":0,"comment_status":"open","ping_status":"closed","sticky":false,"template":"","format":"standard","meta":{"wpb_read_more":[],"footnotes":""},"categories":[600],"tags":[2858,589,58,3894],"class_list":["post-11196","post","type-post","status-publish","format-standard","hentry","category-economia","tag-adolfo-sachsida","tag-economia","tag-pib","tag-spe"],"_links":{"self":[{"href":"https:\/\/blogs2.correiobraziliense.com.br\/vicente\/wp-json\/wp\/v2\/posts\/11196","targetHints":{"allow":["GET"]}}],"collection":[{"href":"https:\/\/blogs2.correiobraziliense.com.br\/vicente\/wp-json\/wp\/v2\/posts"}],"about":[{"href":"https:\/\/blogs2.correiobraziliense.com.br\/vicente\/wp-json\/wp\/v2\/types\/post"}],"author":[{"embeddable":true,"href":"https:\/\/blogs2.correiobraziliense.com.br\/vicente\/wp-json\/wp\/v2\/users\/22"}],"replies":[{"embeddable":true,"href":"https:\/\/blogs2.correiobraziliense.com.br\/vicente\/wp-json\/wp\/v2\/comments?post=11196"}],"version-history":[{"count":7,"href":"https:\/\/blogs2.correiobraziliense.com.br\/vicente\/wp-json\/wp\/v2\/posts\/11196\/revisions"}],"predecessor-version":[{"id":11221,"href":"https:\/\/blogs2.correiobraziliense.com.br\/vicente\/wp-json\/wp\/v2\/posts\/11196\/revisions\/11221"}],"wp:attachment":[{"href":"https:\/\/blogs2.correiobraziliense.com.br\/vicente\/wp-json\/wp\/v2\/media?parent=11196"}],"wp:term":[{"taxonomy":"category","embeddable":true,"href":"https:\/\/blogs2.correiobraziliense.com.br\/vicente\/wp-json\/wp\/v2\/categories?post=11196"},{"taxonomy":"post_tag","embeddable":true,"href":"https:\/\/blogs2.correiobraziliense.com.br\/vicente\/wp-json\/wp\/v2\/tags?post=11196"}],"curies":[{"name":"wp","href":"https:\/\/api.w.org\/{rel}","templated":true}]}}