{"id":11197,"date":"2019-07-09T19:54:34","date_gmt":"2019-07-09T22:54:34","guid":{"rendered":"https:\/\/blogs2.correiobraziliense.com.br\/vicente\/?p=11197"},"modified":"2019-07-09T20:01:55","modified_gmt":"2019-07-09T23:01:55","slug":"camara-esta-a-um-passo-de-instalar-a-comissao-especial-da-reforma-tributaria","status":"publish","type":"post","link":"https:\/\/blogs2.correiobraziliense.com.br\/vicente\/camara-esta-a-um-passo-de-instalar-a-comissao-especial-da-reforma-tributaria\/","title":{"rendered":"C\u00e2mara est\u00e1 a um passo de instalar a Comiss\u00e3o Especial da reforma tribut\u00e1ria"},"content":{"rendered":"<p>RODOLFO COSTA<\/p>\n<p>O presidente da C\u00e2mara dos Deputados, Rodrigo Maia (DEM-RJ), est\u00e1 confiante de aprova\u00e7\u00e3o da reforma da Previd\u00eancia. A prova disso \u00e9 que a Comiss\u00e3o Especial que discutir\u00e1 o m\u00e9rito da reforma tribut\u00e1ria pode ser instalada nesta quarta-feira (10\/7). A moderniza\u00e7\u00e3o do sistema tribut\u00e1rio debatido na C\u00e2mara est\u00e1 sendo debatida pela Proposta de Emenda \u00e0 Constitui\u00e7\u00e3o (PEC) 45\/2019, de autoria do deputado Baleia Rossi (MDB-SP), l\u00edder do partido na Casa.<\/p>\n<p>&nbsp;<\/p>\n<p>A previs\u00e3o \u00e9 que amanh\u00e3 ocorra a reuni\u00e3o de instala\u00e7\u00e3o e convoca\u00e7\u00e3o dos membros, \u00e0s 9h, no Plen\u00e1rio 12 da C\u00e2mara, segundo informa\u00e7\u00f5es obtidas pelo <strong>Blog<\/strong>.\u00a0O colegiado deve ser presidido pelo deputado Hildo Rocha (MDB-MA), que havia sido presidente da Comiss\u00e3o Especial que discutiu a reforma tribut\u00e1ria na antiga legislatura, sob o texto da PEC 293\/04. A mat\u00e9ria foi relatada pelo deputado Luiz Carlos Hauly (PSDB-PR). O parlamentar, no entanto, desconversa e n\u00e3o crava se presidir\u00e1 o colegiado.<\/p>\n<p>&nbsp;<\/p>\n<p>A PEC 45 prev\u00ea a unifica\u00e7\u00e3o de\u00a0tr\u00eas tributos federais, o IPI, PIS e Cofins, um estadual, o ICMS, e um municipal, o ISS, em um, o Imposto sobre Bens e Servi\u00e7os (IBS). O texto foi elaborado com base em estudos feitos pelo\u00a0economista Bernard Appy, diretor do Centro de Cidadania Fiscal (CCiF).<\/p>\n<p>&nbsp;<\/p>\n","protected":false},"excerpt":{"rendered":"<p>RODOLFO COSTA O presidente da C\u00e2mara dos Deputados, Rodrigo Maia (DEM-RJ), est\u00e1 confiante de aprova\u00e7\u00e3o da reforma da Previd\u00eancia. A prova disso \u00e9 que a Comiss\u00e3o Especial que discutir\u00e1 o m\u00e9rito da reforma tribut\u00e1ria pode ser instalada nesta quarta-feira (10\/7). A moderniza\u00e7\u00e3o do sistema tribut\u00e1rio debatido na C\u00e2mara est\u00e1 sendo debatida pela Proposta de Emenda [&hellip;]<\/p>\n","protected":false},"author":22,"featured_media":0,"comment_status":"open","ping_status":"closed","sticky":false,"template":"","format":"standard","meta":{"wpb_read_more":[],"footnotes":""},"categories":[600],"tags":[3981,3967,1350],"class_list":["post-11197","post","type-post","status-publish","format-standard","hentry","category-economia","tag-baleia-rossi","tag-pec-45","tag-reforma-tributaria"],"_links":{"self":[{"href":"https:\/\/blogs2.correiobraziliense.com.br\/vicente\/wp-json\/wp\/v2\/posts\/11197","targetHints":{"allow":["GET"]}}],"collection":[{"href":"https:\/\/blogs2.correiobraziliense.com.br\/vicente\/wp-json\/wp\/v2\/posts"}],"about":[{"href":"https:\/\/blogs2.correiobraziliense.com.br\/vicente\/wp-json\/wp\/v2\/types\/post"}],"author":[{"embeddable":true,"href":"https:\/\/blogs2.correiobraziliense.com.br\/vicente\/wp-json\/wp\/v2\/users\/22"}],"replies":[{"embeddable":true,"href":"https:\/\/blogs2.correiobraziliense.com.br\/vicente\/wp-json\/wp\/v2\/comments?post=11197"}],"version-history":[{"count":3,"href":"https:\/\/blogs2.correiobraziliense.com.br\/vicente\/wp-json\/wp\/v2\/posts\/11197\/revisions"}],"predecessor-version":[{"id":11223,"href":"https:\/\/blogs2.correiobraziliense.com.br\/vicente\/wp-json\/wp\/v2\/posts\/11197\/revisions\/11223"}],"wp:attachment":[{"href":"https:\/\/blogs2.correiobraziliense.com.br\/vicente\/wp-json\/wp\/v2\/media?parent=11197"}],"wp:term":[{"taxonomy":"category","embeddable":true,"href":"https:\/\/blogs2.correiobraziliense.com.br\/vicente\/wp-json\/wp\/v2\/categories?post=11197"},{"taxonomy":"post_tag","embeddable":true,"href":"https:\/\/blogs2.correiobraziliense.com.br\/vicente\/wp-json\/wp\/v2\/tags?post=11197"}],"curies":[{"name":"wp","href":"https:\/\/api.w.org\/{rel}","templated":true}]}}