{"id":11204,"date":"2019-07-09T15:55:09","date_gmt":"2019-07-09T18:55:09","guid":{"rendered":"https:\/\/blogs2.correiobraziliense.com.br\/vicente\/?p=11204"},"modified":"2019-07-09T15:55:09","modified_gmt":"2019-07-09T18:55:09","slug":"guedes-e-sua-equipe-de-madrugadores","status":"publish","type":"post","link":"https:\/\/blogs2.correiobraziliense.com.br\/vicente\/guedes-e-sua-equipe-de-madrugadores\/","title":{"rendered":"Guedes e sua equipe de madrugadores"},"content":{"rendered":"<h2><span style=\"font-weight: 400\">ROSANA HESSEL<\/span><\/h2>\n<h2><\/h2>\n<h2><span style=\"font-weight: 400\">A rotina dos servidores do Minist\u00e9rio da Economia tem bastante semelhan\u00e7a com a de grandes empresas do setor privado, que costumam ter muitos executivos madrugadores. O<\/span><span style=\"font-weight: 400\">\u00a0ministro da Economia, Paulo Guedes, e seus secret\u00e1rios come\u00e7am a trabalhar bem cedo e, dependendo do dia, n\u00e3o t\u00eam hora para sair.\u00a0<\/span><\/h2>\n<h2><\/h2>\n<h2><span style=\"font-weight: 400\">O chefe da equipe econ\u00f4mica do presidente Jair Bolsonaro costuma chegar no gabinete do Bloco P da Esplanada dos Minist\u00e9rios antes das 9h, depois da corrida matinal.\u00a0<\/span><span style=\"font-weight: 400\">Seus auxiliares contam que o status do telefone celular dele no WhatsApp costuma ficar online bem mais cedo que isso, por volta das 4h30 da manh\u00e3. Logo, os secret\u00e1rios acabam entrando no mesmo ritmo para avan\u00e7ar a agenda de medidas que ser\u00e3o apresentadas ap\u00f3s a aprova\u00e7\u00e3o da reforma da Previd\u00eancia.<\/span><\/h2>\n<p>&nbsp;<\/p>\n<p><span style=\"font-weight: 400\">O secret\u00e1rio especial de Desestatiza\u00e7\u00e3o e Desinvestimento do Minist\u00e9rio da Economia, Salim Mattar, por exemplo, chega ao gabinete sempre por volta das 7h. Quem se atrasa para uma\u00a0<\/span><span style=\"font-weight: 400\">reuni\u00e3o paga multa, que vai para uma caixinha. O dinheiro arrecadado \u00e9 usado depois na confraterniza\u00e7\u00e3o da equipe do fundador da Localiza quando algum objetivo \u00e9 alcan\u00e7ado. <\/span><span style=\"font-weight: 400\">Ali\u00e1s, a<\/span><span style=\"font-weight: 400\">\u00a0agenda de privatiza\u00e7\u00f5es de Mattar \u00e9 bastante aguardada pelo mercado e a expectativa \u00e9 que ela finalmente seja divulgada ap\u00f3s a aprova\u00e7\u00e3o da reforma previdenci\u00e1ria. Por enquanto, sabe-se que Petrobras, Banco do Brasil, Caixa e Embrapa s\u00e3o exemplos de empresas que n\u00e3o estar\u00e3o na lista das desestatiza\u00e7\u00f5es. Correios e Instituto de Resseguros do Brasil (IRB) devem entrar na lista ainda neste ano.<\/span><\/p>\n<p>&nbsp;<\/p>\n","protected":false},"excerpt":{"rendered":"<p>ROSANA HESSEL A rotina dos servidores do Minist\u00e9rio da Economia tem bastante semelhan\u00e7a com a de grandes empresas do setor privado, que costumam ter muitos executivos madrugadores. O\u00a0ministro da Economia, Paulo Guedes, e seus secret\u00e1rios come\u00e7am a trabalhar bem cedo e, dependendo do dia, n\u00e3o t\u00eam hora para sair.\u00a0 O chefe da equipe econ\u00f4mica do [&hellip;]<\/p>\n","protected":false},"author":22,"featured_media":0,"comment_status":"open","ping_status":"closed","sticky":false,"template":"","format":"standard","meta":{"wpb_read_more":[],"footnotes":""},"categories":[600],"tags":[589,3613,3692,3978],"class_list":["post-11204","post","type-post","status-publish","format-standard","hentry","category-economia","tag-economia","tag-paulo-guedes","tag-privatizacoes","tag-salim-mattar"],"_links":{"self":[{"href":"https:\/\/blogs2.correiobraziliense.com.br\/vicente\/wp-json\/wp\/v2\/posts\/11204","targetHints":{"allow":["GET"]}}],"collection":[{"href":"https:\/\/blogs2.correiobraziliense.com.br\/vicente\/wp-json\/wp\/v2\/posts"}],"about":[{"href":"https:\/\/blogs2.correiobraziliense.com.br\/vicente\/wp-json\/wp\/v2\/types\/post"}],"author":[{"embeddable":true,"href":"https:\/\/blogs2.correiobraziliense.com.br\/vicente\/wp-json\/wp\/v2\/users\/22"}],"replies":[{"embeddable":true,"href":"https:\/\/blogs2.correiobraziliense.com.br\/vicente\/wp-json\/wp\/v2\/comments?post=11204"}],"version-history":[{"count":1,"href":"https:\/\/blogs2.correiobraziliense.com.br\/vicente\/wp-json\/wp\/v2\/posts\/11204\/revisions"}],"predecessor-version":[{"id":11205,"href":"https:\/\/blogs2.correiobraziliense.com.br\/vicente\/wp-json\/wp\/v2\/posts\/11204\/revisions\/11205"}],"wp:attachment":[{"href":"https:\/\/blogs2.correiobraziliense.com.br\/vicente\/wp-json\/wp\/v2\/media?parent=11204"}],"wp:term":[{"taxonomy":"category","embeddable":true,"href":"https:\/\/blogs2.correiobraziliense.com.br\/vicente\/wp-json\/wp\/v2\/categories?post=11204"},{"taxonomy":"post_tag","embeddable":true,"href":"https:\/\/blogs2.correiobraziliense.com.br\/vicente\/wp-json\/wp\/v2\/tags?post=11204"}],"curies":[{"name":"wp","href":"https:\/\/api.w.org\/{rel}","templated":true}]}}