{"id":11216,"date":"2019-07-09T17:21:02","date_gmt":"2019-07-09T20:21:02","guid":{"rendered":"https:\/\/blogs2.correiobraziliense.com.br\/vicente\/?p=11216"},"modified":"2019-07-09T17:22:45","modified_gmt":"2019-07-09T20:22:45","slug":"queda-de-braco-entre-guedes-e-maia-emperra-acordo-para-votar-reforma-da-previdencia","status":"publish","type":"post","link":"https:\/\/blogs2.correiobraziliense.com.br\/vicente\/queda-de-braco-entre-guedes-e-maia-emperra-acordo-para-votar-reforma-da-previdencia\/","title":{"rendered":"Queda de bra\u00e7o entre Guedes e Maia emperra acordo para votar reforma da Previd\u00eancia"},"content":{"rendered":"<p>RODOLFO COSTA<\/p>\n<p>A obstru\u00e7\u00e3o da oposi\u00e7\u00e3o n\u00e3o \u00e9 o \u00fanico motivo que segura a vota\u00e7\u00e3o da reforma da Previd\u00eancia. A queda de bra\u00e7o entre o ministro da Economia, Paulo Guedes, e o presidente da C\u00e2mara dos Deputados, Rodrigo Maia (DEM-RJ), tamb\u00e9m arrasta a tentativa de acordo para apreciar a Proposta de Emenda \u00e0 Constitui\u00e7\u00e3o (PEC) 6\/2019. Isso porque a articula\u00e7\u00e3o pol\u00edtica do governo tem em m\u00e3os a oferta de votar uma emenda aglutinativa \u00e0 mat\u00e9ria prevendo a inclus\u00e3o de pontos sens\u00edveis no Parlamento, como regras de aposentadoria especiais para policiais federais. Falta, no entanto, a chancela da equipe econ\u00f4mica.<\/p>\n<p>&nbsp;<\/p>\n<p>A sugest\u00e3o de uma emenda aglutinativa foi apresentada ao governo pelo DEM, que encampou uma articula\u00e7\u00e3o montada por deputados dispostos a votar a favor de destaques que contemplem a aposentadoria especial para policiais federais e rodovi\u00e1rios federais. Defendem a pauta parlamentares como Luis Miranda (DEM-DF), Alan Rick (DEM-AC), Expedito Netto (PSD-RO), Hugo Leal (PSD-RJ), Fel\u00edcio Later\u00e7a (PSL-RJ) e Marcelo Freitas (PSL-MG).<\/p>\n<p>&nbsp;<\/p>\n<p>O acordo \u00e9 simples: trocar os votos favor\u00e1veis pelos destaques por uma emenda aglutinativa constru\u00edda ponto a ponto de outras emendas para evitar demais embates no Plen\u00e1rio. O l\u00edder do DEM, Elmar Nascimento (BA), sugeriu a proposta para Maia, que devolveu a &#8220;bola&#8221; para o correligion\u00e1rio orientando que ele a enviasse para o governo. Dito e feito. A Casa Civil, chefiada pelo ministro Onyx Lorenzoni, recebeu a oferta e trabalha em cima dela. O problema, no entanto, deixou de ser t\u00e9cnico. \u00c9 s\u00f3 pol\u00edtico.<\/p>\n<p>&nbsp;<\/p>\n<p>A concess\u00e3o de aposentadorias especiais para policiais federais e rodovi\u00e1rios federais geraria uma economia de R$ 2 bilh\u00f5es a menos em 10 anos. Um impacto reconhecidamente pequeno pela pr\u00f3pria lideran\u00e7a do governo. O problema \u00e9 que Maia s\u00f3 chancelar\u00e1 o acordo para votar a emenda aglutinativa incluindo as regras de ambas categorias de seguran\u00e7a p\u00fablica se tiver o aval de Guedes. O chefe da equipe econ\u00f4mica, por sua vez, n\u00e3o quer dar o bra\u00e7o a torcer. Em 14 de junho, declarou que os deputados &#8212; supostamente pressionados por lobbys de servidores p\u00fablicos &#8212; poderiam &#8220;abortar a Nova Previd\u00eancia&#8221;.<\/p>\n<p>&nbsp;<\/p>\n<p><strong>Embate<\/strong><\/p>\n<p>O posicionamento de Guedes pegou mal na C\u00e2mara, a ponto de Maia ter dito que o &#8220;governo \u00e9 uma usina de crises&#8221;. Por isso, o presidente da Casa &#8220;lava as m\u00e3os&#8221; e n\u00e3o vai assumir a linha de frente para brigar pela aposentadoria especial dos policiais. &#8220;A &#8216;bola&#8217;, assim, est\u00e1 com Guedes. E ele n\u00e3o quer dar o bra\u00e7o a torcer e recuar&#8221;, afirmou ao <strong>Blog<\/strong> um dos respons\u00e1veis pela articula\u00e7\u00e3o do governo. Para a lideran\u00e7a governista, \u00e9 um problema a ser sanado.<\/p>\n<p>&nbsp;<\/p>\n<p>Deputados favor\u00e1veis \u00e0 composi\u00e7\u00e3o da emenda aglutinativa criticam a orienta\u00e7\u00e3o dada pelo l\u00edder do governo na C\u00e2mara, Major Vitor Hugo (PSL-GO), de que a ordem da Casa Civil \u00e9 &#8220;n\u00e3o passar nada&#8221; de mudan\u00e7as na reforma, a fim de conseguir a aprova\u00e7\u00e3o com agilidade em dois turnos. Um vice-l\u00edder do governo, no entanto, diz que a culpa n\u00e3o \u00e9 dele. &#8220;O que ele pode fazer se o Guedes n\u00e3o d\u00e1 o aval para a aposentadoria dos policiais? O argumento da equipe econ\u00f4mica \u00e9 que isso pode gerar um efeito em cascata, mas sabemos que, a essa altura, a resist\u00eancia \u00e9 mais pol\u00edtica do que t\u00e9cnica&#8221;, justificou.<\/p>\n","protected":false},"excerpt":{"rendered":"<p>RODOLFO COSTA A obstru\u00e7\u00e3o da oposi\u00e7\u00e3o n\u00e3o \u00e9 o \u00fanico motivo que segura a vota\u00e7\u00e3o da reforma da Previd\u00eancia. A queda de bra\u00e7o entre o ministro da Economia, Paulo Guedes, e o presidente da C\u00e2mara dos Deputados, Rodrigo Maia (DEM-RJ), tamb\u00e9m arrasta a tentativa de acordo para apreciar a Proposta de Emenda \u00e0 Constitui\u00e7\u00e3o (PEC) [&hellip;]<\/p>\n","protected":false},"author":22,"featured_media":11213,"comment_status":"open","ping_status":"closed","sticky":false,"template":"","format":"standard","meta":{"wpb_read_more":[],"footnotes":""},"categories":[600],"tags":[3980,3979,1223,3616,2491,3917,429,614],"class_list":["post-11216","post","type-post","status-publish","format-standard","has-post-thumbnail","hentry","category-economia","tag-aglutinativa","tag-destaques","tag-emendas","tag-guedes","tag-maia","tag-onyx","tag-previdencia","tag-reforma"],"_links":{"self":[{"href":"https:\/\/blogs2.correiobraziliense.com.br\/vicente\/wp-json\/wp\/v2\/posts\/11216","targetHints":{"allow":["GET"]}}],"collection":[{"href":"https:\/\/blogs2.correiobraziliense.com.br\/vicente\/wp-json\/wp\/v2\/posts"}],"about":[{"href":"https:\/\/blogs2.correiobraziliense.com.br\/vicente\/wp-json\/wp\/v2\/types\/post"}],"author":[{"embeddable":true,"href":"https:\/\/blogs2.correiobraziliense.com.br\/vicente\/wp-json\/wp\/v2\/users\/22"}],"replies":[{"embeddable":true,"href":"https:\/\/blogs2.correiobraziliense.com.br\/vicente\/wp-json\/wp\/v2\/comments?post=11216"}],"version-history":[{"count":1,"href":"https:\/\/blogs2.correiobraziliense.com.br\/vicente\/wp-json\/wp\/v2\/posts\/11216\/revisions"}],"predecessor-version":[{"id":11217,"href":"https:\/\/blogs2.correiobraziliense.com.br\/vicente\/wp-json\/wp\/v2\/posts\/11216\/revisions\/11217"}],"wp:featuredmedia":[{"embeddable":true,"href":"https:\/\/blogs2.correiobraziliense.com.br\/vicente\/wp-json\/wp\/v2\/media\/11213"}],"wp:attachment":[{"href":"https:\/\/blogs2.correiobraziliense.com.br\/vicente\/wp-json\/wp\/v2\/media?parent=11216"}],"wp:term":[{"taxonomy":"category","embeddable":true,"href":"https:\/\/blogs2.correiobraziliense.com.br\/vicente\/wp-json\/wp\/v2\/categories?post=11216"},{"taxonomy":"post_tag","embeddable":true,"href":"https:\/\/blogs2.correiobraziliense.com.br\/vicente\/wp-json\/wp\/v2\/tags?post=11216"}],"curies":[{"name":"wp","href":"https:\/\/api.w.org\/{rel}","templated":true}]}}