{"id":1122,"date":"2016-05-25T17:05:42","date_gmt":"2016-05-25T20:05:42","guid":{"rendered":"https:\/\/blogs2.correiobraziliense.com.br\/vicente\/?p=1122"},"modified":"2016-05-25T19:38:45","modified_gmt":"2016-05-25T22:38:45","slug":"1122-2","status":"publish","type":"post","link":"https:\/\/blogs2.correiobraziliense.com.br\/vicente\/1122-2\/","title":{"rendered":"Occhi, do PP, ser\u00e1 o presidente da Caixa"},"content":{"rendered":"<p>Em busca de apoio no Congresso para aprovar as medidas fiscais, o presidente interino, Michel Temer, fechou com o PP e Gilberto Occhi, que foi ministro das Cidades e da Integra\u00e7\u00e3o Nacional no governo de Dilma Rousseff, ser\u00e1 o presidente da Caixa Econ\u00f4mica Federal, em substitui\u00e7\u00e3o a M\u00edriam Belchior, que foi demitida hoje.<\/p>\n<p>&nbsp;<\/p>\n<p>Havia uma press\u00e3o do ministro da Fazenda, Henrique Meirelles para que o comando da Caixa ficasse com um t\u00e9cnico, de forma a dar maior respeitabilidade \u00e0 institui\u00e7\u00e3o, que, nos \u00faltimos anos, sofreu forte influ\u00eancia pol\u00edtica. A interven\u00e7\u00e3o do Pal\u00e1cio do Planalto foi t\u00e3o grande, que o banco se meteu em neg\u00f3cios duvidosos, que resultaram em grandes preju\u00edzos. Mas acabou prevalecendo o acordo fechado com o PP.<\/p>\n<p>&nbsp;<\/p>\n<p>H\u00e1 o risco de o Tesouro Nacional ser obrigado a socorrer a Caixa, que j\u00e1 tem preju\u00edzos com o pr\u00f3prio neg\u00f3cio. A institui\u00e7\u00e3o s\u00f3 consegue fechar o balan\u00e7o com lucro gra\u00e7as \u00e0s altas taxas de juros. Occhi \u00e9 funcion\u00e1rio de carreira do banco, mas sua vincula\u00e7\u00e3o pol\u00edtica incomoda os empregados, que vinham pressionando pela sa\u00edda de M\u00edriam Belchior.<\/p>\n<p>&nbsp;<\/p>\n<p>A posse de Occhi deve ocorrer na pr\u00f3xima semana, junto com a de Paulo Rog\u00e9rio Caffarelli no comando do Banco do Brasil.<\/p>\n<p>&nbsp;<\/p>\n<p><em>Bras\u00edlia, 17h05min, atualizada \u00e0s 19h05min<\/em><\/p>\n","protected":false},"excerpt":{"rendered":"<p>Em busca de apoio no Congresso para aprovar as medidas fiscais, o presidente interino, Michel Temer, fechou com o PP e Gilberto Occhi, que foi ministro das Cidades e da Integra\u00e7\u00e3o Nacional no governo de Dilma Rousseff, ser\u00e1 o presidente da Caixa Econ\u00f4mica Federal, em substitui\u00e7\u00e3o a M\u00edriam Belchior, que foi demitida hoje. &nbsp; Havia [&hellip;]<\/p>\n","protected":false},"author":22,"featured_media":0,"comment_status":"open","ping_status":"closed","sticky":false,"template":"","format":"standard","meta":{"wpb_read_more":[],"footnotes":""},"categories":[1],"tags":[],"class_list":["post-1122","post","type-post","status-publish","format-standard","hentry","category-sem-categoria"],"_links":{"self":[{"href":"https:\/\/blogs2.correiobraziliense.com.br\/vicente\/wp-json\/wp\/v2\/posts\/1122","targetHints":{"allow":["GET"]}}],"collection":[{"href":"https:\/\/blogs2.correiobraziliense.com.br\/vicente\/wp-json\/wp\/v2\/posts"}],"about":[{"href":"https:\/\/blogs2.correiobraziliense.com.br\/vicente\/wp-json\/wp\/v2\/types\/post"}],"author":[{"embeddable":true,"href":"https:\/\/blogs2.correiobraziliense.com.br\/vicente\/wp-json\/wp\/v2\/users\/22"}],"replies":[{"embeddable":true,"href":"https:\/\/blogs2.correiobraziliense.com.br\/vicente\/wp-json\/wp\/v2\/comments?post=1122"}],"version-history":[{"count":4,"href":"https:\/\/blogs2.correiobraziliense.com.br\/vicente\/wp-json\/wp\/v2\/posts\/1122\/revisions"}],"predecessor-version":[{"id":1128,"href":"https:\/\/blogs2.correiobraziliense.com.br\/vicente\/wp-json\/wp\/v2\/posts\/1122\/revisions\/1128"}],"wp:attachment":[{"href":"https:\/\/blogs2.correiobraziliense.com.br\/vicente\/wp-json\/wp\/v2\/media?parent=1122"}],"wp:term":[{"taxonomy":"category","embeddable":true,"href":"https:\/\/blogs2.correiobraziliense.com.br\/vicente\/wp-json\/wp\/v2\/categories?post=1122"},{"taxonomy":"post_tag","embeddable":true,"href":"https:\/\/blogs2.correiobraziliense.com.br\/vicente\/wp-json\/wp\/v2\/tags?post=1122"}],"curies":[{"name":"wp","href":"https:\/\/api.w.org\/{rel}","templated":true}]}}