{"id":1125,"date":"2016-05-25T19:05:31","date_gmt":"2016-05-25T22:05:31","guid":{"rendered":"https:\/\/blogs2.correiobraziliense.com.br\/vicente\/?p=1125"},"modified":"2016-05-25T19:43:44","modified_gmt":"2016-05-25T22:43:44","slug":"paulo-sergio-caffarelli-sera-presidente-do-banco-do-brasil","status":"publish","type":"post","link":"https:\/\/blogs2.correiobraziliense.com.br\/vicente\/paulo-sergio-caffarelli-sera-presidente-do-banco-do-brasil\/","title":{"rendered":"Paulo Rog\u00e9rio Caffarelli ser\u00e1 presidente do Banco do Brasil"},"content":{"rendered":"<p>Se, para a presid\u00eancia da Caixa Econ\u00f4mica Federal, o ministro da Fazenda, Henrique Meirelles, teve que sancionar um nome pol\u00edtico, o de Gilberto Occhi, indicado pelo PP, para o comando do Banco do Brasil prevaleceu sua vontade. O maior banco do pa\u00eds ser\u00e1 presidido por Paulo Rog\u00e9rio Caffarelli, que foi secretario executivo do Minist\u00e9rio da Fazenda durante a gest\u00e3o de Guido Mantega.<\/p>\n<p>&nbsp;<\/p>\n<p>Caffarelli substituir\u00e1 Alexandre Abreu, que teve papel preponderante para que o BB se firmasse na lideran\u00e7a do mercado banc\u00e1rio do pa\u00eds. Houve um per\u00edodo em que a institui\u00e7\u00e3o foi ultrapassada pelo Ita\u00fa Unibanco.<\/p>\n<p>&nbsp;<\/p>\n<p>A posse dos novos presidentes dos bancos p\u00fablicos deve ocorre at\u00e9 a pr\u00f3xima semana.<\/p>\n<p>&nbsp;<\/p>\n<p><em>Bras\u00edlia, 19h05min<\/em><\/p>\n","protected":false},"excerpt":{"rendered":"<p>Se, para a presid\u00eancia da Caixa Econ\u00f4mica Federal, o ministro da Fazenda, Henrique Meirelles, teve que sancionar um nome pol\u00edtico, o de Gilberto Occhi, indicado pelo PP, para o comando do Banco do Brasil prevaleceu sua vontade. O maior banco do pa\u00eds ser\u00e1 presidido por Paulo Rog\u00e9rio Caffarelli, que foi secretario executivo do Minist\u00e9rio da [&hellip;]<\/p>\n","protected":false},"author":22,"featured_media":0,"comment_status":"open","ping_status":"closed","sticky":false,"template":"","format":"standard","meta":{"wpb_read_more":[],"footnotes":""},"categories":[1],"tags":[],"class_list":["post-1125","post","type-post","status-publish","format-standard","hentry","category-sem-categoria"],"_links":{"self":[{"href":"https:\/\/blogs2.correiobraziliense.com.br\/vicente\/wp-json\/wp\/v2\/posts\/1125","targetHints":{"allow":["GET"]}}],"collection":[{"href":"https:\/\/blogs2.correiobraziliense.com.br\/vicente\/wp-json\/wp\/v2\/posts"}],"about":[{"href":"https:\/\/blogs2.correiobraziliense.com.br\/vicente\/wp-json\/wp\/v2\/types\/post"}],"author":[{"embeddable":true,"href":"https:\/\/blogs2.correiobraziliense.com.br\/vicente\/wp-json\/wp\/v2\/users\/22"}],"replies":[{"embeddable":true,"href":"https:\/\/blogs2.correiobraziliense.com.br\/vicente\/wp-json\/wp\/v2\/comments?post=1125"}],"version-history":[{"count":2,"href":"https:\/\/blogs2.correiobraziliense.com.br\/vicente\/wp-json\/wp\/v2\/posts\/1125\/revisions"}],"predecessor-version":[{"id":1129,"href":"https:\/\/blogs2.correiobraziliense.com.br\/vicente\/wp-json\/wp\/v2\/posts\/1125\/revisions\/1129"}],"wp:attachment":[{"href":"https:\/\/blogs2.correiobraziliense.com.br\/vicente\/wp-json\/wp\/v2\/media?parent=1125"}],"wp:term":[{"taxonomy":"category","embeddable":true,"href":"https:\/\/blogs2.correiobraziliense.com.br\/vicente\/wp-json\/wp\/v2\/categories?post=1125"},{"taxonomy":"post_tag","embeddable":true,"href":"https:\/\/blogs2.correiobraziliense.com.br\/vicente\/wp-json\/wp\/v2\/tags?post=1125"}],"curies":[{"name":"wp","href":"https:\/\/api.w.org\/{rel}","templated":true}]}}