{"id":11250,"date":"2019-07-10T19:04:17","date_gmt":"2019-07-10T22:04:17","guid":{"rendered":"https:\/\/blogs2.correiobraziliense.com.br\/vicente\/?p=11250"},"modified":"2019-07-12T11:57:36","modified_gmt":"2019-07-12T14:57:36","slug":"podemos-varou-a-noite-em-costura-por-aposentadoria-diferenciada-para-policiais","status":"publish","type":"post","link":"https:\/\/blogs2.correiobraziliense.com.br\/vicente\/podemos-varou-a-noite-em-costura-por-aposentadoria-diferenciada-para-policiais\/","title":{"rendered":"Podemos &#8220;varou&#8221; a noite em costura por aposentadoria diferenciada para policiais"},"content":{"rendered":"<p><span style=\"font-weight: 400\">RODOLFO COSTA<\/span><\/p>\n<p><span style=\"font-weight: 400\">A articula\u00e7\u00e3o para conceder regras diferenciadas para policiais federais, rodovi\u00e1rios federais, legislativos e policiais civis do Distrito Federal foi constru\u00eddo ao longo da madrugada desta quarta-feira (10\/7) a 10 m\u00e3os pela bancada do Podemos. O l\u00edder do partido no Senado, Alvaro Dias (PR), procurou o l\u00edder da legenda na C\u00e2mara, Jos\u00e9 Nelto (GO), e, dali, se iniciou uma interlocu\u00e7\u00e3o descentralizada com apoio dos deputados Alu\u00edsio Mendes (MA), Jos\u00e9 Medeiros (MT) e L\u00e9o Moraes (RO).\u00a0<\/span><\/p>\n<p>&nbsp;<\/p>\n<p><span style=\"font-weight: 400\">Eram cerca de 00h quando Nelto foi procurado por Alvaro, que pediu para o partido n\u00e3o retirar o destaque referente \u00e0 aposentadoria especial para os policiais. Dito e feito, afinal, o l\u00edder na C\u00e2mara nem pensou em fazer algo diferente. \u201cA gente pereceria diante das categorias se fiz\u00e9ssemos isso. Nosso comprometimento \u00e9 com o Brasil. Cuidamos de quem ensina, ou seja, dos professores, e de quem nos fornece a seguran\u00e7a, os policiais\u201d, disse Nelto ao <\/span><b>Blog<\/b><span style=\"font-weight: 400\">.\u00a0<\/span><\/p>\n<p>&nbsp;<\/p>\n<p><span style=\"font-weight: 400\">Do contato com Alvaro, Nelto come\u00e7ou a articular com l\u00edderes partid\u00e1rios auxiliado de Medeiros, Moraes e Mendes para fechar um acordo para atender os pleitos das categorias. \u201cCom a sess\u00e3o suspensa e adiada para hoje, varamos a noite conversando com os l\u00edderes no WhatsApp. Fui dormir \u00e0s 4h e acordei \u00e0s 6h para retomar as conversas\u201d, destacou Nelto.\u00a0<\/span><\/p>\n<p>&nbsp;<\/p>\n<p><span style=\"font-weight: 400\">Batido o martelo e com o apoio das lideran\u00e7as em m\u00e3os, faltava o aval da equipe econ\u00f4mica. Conforme o <\/span><b>Blog<\/b><span style=\"font-weight: 400\"> informou na ter\u00e7a-feira (9\/7), a articula\u00e7\u00e3o em estudo e defendida por outros partidos, como o DEM &#8212; que teve atua\u00e7\u00e3o ativa do deputado Luis Miranda (DEM-DF) &#8211;, era discutir a aposentadoria dos policiais por meio de uma emenda aglutinativa. O empecilho era conseguir a chancela do ministro da Economia, Paulo Guedes.\u00a0<\/span><\/p>\n<p>&nbsp;<\/p>\n<p><b>Aval<\/b><\/p>\n<p><span style=\"font-weight: 400\">Desde que Guedes criticou os parlamentares por \u201cabortarem\u201d a Nova Previd\u00eancia, o presidente da C\u00e2mara, Rodrigo Maia (DEM-RJ), sinalizou a l\u00edderes que s\u00f3 encamparia mudan\u00e7as \u00e0 proposta com aval do ministro, a fim de evitar desgastes com a \u201cusina de crises\u201d do governo. As rusgas no relacionamento entre os dois abriu espa\u00e7o para o secret\u00e1rio especial de Previd\u00eancia e Trabalho, Rog\u00e9rio Marinho, chancelar modifica\u00e7\u00f5es ao texto. Foi o que aconteceu.\u00a0<\/span><\/p>\n<p>&nbsp;<\/p>\n<p><span style=\"font-weight: 400\">O Podemos levou a articula\u00e7\u00e3o constru\u00edda ao conhecimento de Marinho por volta das 11h desta quarta-feira. A informa\u00e7\u00e3o era de que o impacto \u00e0 economia em 10 anos seria de R$ 1,6 bilh\u00e3o. Para p\u00f4r um fim \u00e0s desaven\u00e7as dentro do pr\u00f3prio governo e em partidos dispostos a votar a reforma, o articulador da equipe econ\u00f4mica deu aval \u00e0 emenda aglutinativa.\u00a0<\/span><\/p>\n<p>&nbsp;<\/p>\n<p><span style=\"font-weight: 400\">O acordo capitaneado pelo Podemos prev\u00ea a integralidade da aposentadoria policial, o \u00faltimo sal\u00e1rio recebido, e a paridade, ou seja, reajustes iguais aos servidores da ativa. A emenda estabelece, tamb\u00e9m, idade m\u00ednima de 53 anos para homens e 52 anos para as mulheres, al\u00e9m de pens\u00e3o integral para a fam\u00edlia dos policiais. <\/span><\/p>\n","protected":false},"excerpt":{"rendered":"<p>RODOLFO COSTA A articula\u00e7\u00e3o para conceder regras diferenciadas para policiais federais, rodovi\u00e1rios federais, legislativos e policiais civis do Distrito Federal foi constru\u00eddo ao longo da madrugada desta quarta-feira (10\/7) a 10 m\u00e3os pela bancada do Podemos. O l\u00edder do partido no Senado, Alvaro Dias (PR), procurou o l\u00edder da legenda na C\u00e2mara, Jos\u00e9 Nelto (GO), [&hellip;]<\/p>\n","protected":false},"author":22,"featured_media":11251,"comment_status":"open","ping_status":"closed","sticky":false,"template":"","format":"standard","meta":{"wpb_read_more":[],"footnotes":""},"categories":[600],"tags":[3982,3862,271,3944,772,3983],"class_list":["post-11250","post","type-post","status-publish","format-standard","has-post-thumbnail","hentry","category-economia","tag-alvaro-dias","tag-jose-nelto","tag-pf","tag-podemos","tag-policiais","tag-prf"],"_links":{"self":[{"href":"https:\/\/blogs2.correiobraziliense.com.br\/vicente\/wp-json\/wp\/v2\/posts\/11250","targetHints":{"allow":["GET"]}}],"collection":[{"href":"https:\/\/blogs2.correiobraziliense.com.br\/vicente\/wp-json\/wp\/v2\/posts"}],"about":[{"href":"https:\/\/blogs2.correiobraziliense.com.br\/vicente\/wp-json\/wp\/v2\/types\/post"}],"author":[{"embeddable":true,"href":"https:\/\/blogs2.correiobraziliense.com.br\/vicente\/wp-json\/wp\/v2\/users\/22"}],"replies":[{"embeddable":true,"href":"https:\/\/blogs2.correiobraziliense.com.br\/vicente\/wp-json\/wp\/v2\/comments?post=11250"}],"version-history":[{"count":2,"href":"https:\/\/blogs2.correiobraziliense.com.br\/vicente\/wp-json\/wp\/v2\/posts\/11250\/revisions"}],"predecessor-version":[{"id":11290,"href":"https:\/\/blogs2.correiobraziliense.com.br\/vicente\/wp-json\/wp\/v2\/posts\/11250\/revisions\/11290"}],"wp:featuredmedia":[{"embeddable":true,"href":"https:\/\/blogs2.correiobraziliense.com.br\/vicente\/wp-json\/wp\/v2\/media\/11251"}],"wp:attachment":[{"href":"https:\/\/blogs2.correiobraziliense.com.br\/vicente\/wp-json\/wp\/v2\/media?parent=11250"}],"wp:term":[{"taxonomy":"category","embeddable":true,"href":"https:\/\/blogs2.correiobraziliense.com.br\/vicente\/wp-json\/wp\/v2\/categories?post=11250"},{"taxonomy":"post_tag","embeddable":true,"href":"https:\/\/blogs2.correiobraziliense.com.br\/vicente\/wp-json\/wp\/v2\/tags?post=11250"}],"curies":[{"name":"wp","href":"https:\/\/api.w.org\/{rel}","templated":true}]}}