{"id":11281,"date":"2019-07-12T02:38:35","date_gmt":"2019-07-12T05:38:35","guid":{"rendered":"https:\/\/blogs2.correiobraziliense.com.br\/vicente\/?p=11281"},"modified":"2019-07-12T02:38:35","modified_gmt":"2019-07-12T05:38:35","slug":"previdencia-maia-encerra-sessao-da-reforma-sem-votar-todos-destaques","status":"publish","type":"post","link":"https:\/\/blogs2.correiobraziliense.com.br\/vicente\/previdencia-maia-encerra-sessao-da-reforma-sem-votar-todos-destaques\/","title":{"rendered":"Previd\u00eancia: Maia encerra sess\u00e3o da reforma sem votar todos destaques"},"content":{"rendered":"<h2>ALESSANDRA AZEVEDO<\/h2>\n<h2>HAMILTON FERRARI<\/h2>\n<h2><\/h2>\n<h2>O presidente da C\u00e2mara, Rodrigo Maia (DEM-RJ), encerrou a sess\u00e3o de vota\u00e7\u00e3o de destaques \u00e0 reforma da Previd\u00eancia pouco antes das 2h da manh\u00e3 desta sexta-feira (12\/7), ap\u00f3s a oposi\u00e7\u00e3o aprovar a redu\u00e7\u00e3o do tempo de contribui\u00e7\u00e3o dos homens, de 20 para 15 anos. Como os deputados estavam indo embora e havia 461 na Casa, a chance de aprovar qualquer destaque supressivo, que exige 308 votos para ser barrado, era &#8220;quase absoluta&#8221;, explicou Maia.<\/h2>\n<p>&nbsp;<\/p>\n<p>Alguns partidos favor\u00e1veis \u00e0 reforma j\u00e1 tinham liberado as bancadas porque \u201ctinham compreendido\u201d que o destaque que reduz o tempo m\u00ednimo de contribui\u00e7\u00e3o dos homens seria o \u00faltimo a ser analisado, explicou o presidente da C\u00e2mara.\u201cA minha inten\u00e7\u00e3o era superar esse (destaque) e mais um. Mas n\u00e3o \u00e9 s\u00f3 por causa de um destaque que n\u00f3s vamos desorganizar as vota\u00e7\u00f5es\u201d, argumentou. \u201cUma parte (dos deputados) estava esgotada pelo trabalho\u201d, acrescentou.<\/p>\n<p>&nbsp;<\/p>\n<p>A redu\u00e7\u00e3o da idade m\u00ednima dos homens foi uma vit\u00f3ria da oposi\u00e7\u00e3o, que entrou em um acordo de procedimento com Maia e com lideran\u00e7as partid\u00e1rias, para que a vota\u00e7\u00e3o do segundo turno seja mais r\u00e1pida. Partidos da oposi\u00e7\u00e3o se dispuseram a apresentar menos destaques na pr\u00f3xima rodada de vota\u00e7\u00e3o, o que aceleraria o andamento.<\/p>\n<p>&nbsp;<\/p>\n<p>O PSB, por exemplo, teria direito a sugerir dois destaques no segundo turno. Mas, com o acordo, o partido se comprometeu a n\u00e3o apresentar outro, apenas o que j\u00e1 foi rejeitado em primeiro turno. &#8220;Trata-se de uma vit\u00f3ria mai\u00fascula da oposi\u00e7\u00e3o, que, conjugando luta com di\u00e1logo, conseguiu construir essa alternativa&#8221;, comemorou o l\u00edder da oposi\u00e7\u00e3o, deputado Alessandro Molon (PSB-RJ).<\/p>\n<p>&nbsp;<\/p>\n<p><strong>Balan\u00e7o<\/strong><\/p>\n<p>&nbsp;<\/p>\n<p>O plen\u00e1rio aprovou outros dois destaques ao longo da sess\u00e3o, que come\u00e7ou por volta das 17h30. A primeira mudan\u00e7a foi proposta pela bancada feminina, protocolada pelo DEM, com aumento no valor do benef\u00edcio para mulheres que se aposentarem com mais de 15 anos de contribui\u00e7\u00e3o.<\/p>\n<p>&nbsp;<\/p>\n<p>A mesma emenda alterou a regra para pens\u00e3o por morte, que passa a ser mais flex\u00edvel ao garantir que vi\u00favas que n\u00e3o tenham renda formal recebam, ao menos, um sal\u00e1rio m\u00ednimo como benef\u00edcio. O texto-base, aprovado na quarta-feira (10\/7), era mais duro, porque s\u00f3 permitia o m\u00ednimo se pensionista e dependentes n\u00e3o tivessem nenhum outro tipo de renda.<\/p>\n<p>&nbsp;<\/p>\n<p>Outro destaque aprovado diminuiu a idade m\u00ednima de policiais federais. O outro destaque acordado prev\u00ea que policiais federais, rodovi\u00e1rios federais, ferrovi\u00e1rios federais, legislativos e civis do Distrito Federal, al\u00e9m de agentes penitenci\u00e1rios e socioeducativos, possam se aposentar aos 52 anos (mulheres) e 53 anos (homens), com ped\u00e1gio de 100% do tempo restante na ativa. A medida cortaria R$ 6 bilh\u00f5es dos ganhos com a reforma.<\/p>\n<p>&nbsp;<\/p>\n<p>Os destaques foram aprovados em acordo constru\u00eddo com o secret\u00e1rio de Previd\u00eancia e Trabalho, Rog\u00e9rio Marinho, \u201cdaquilo que era poss\u00edvel ceder em rela\u00e7\u00e3o ao todo para n\u00e3o se perder o principal da mat\u00e9ria\u201d, afirmou Maia. A equipe econ\u00f4mica do governo federal informou que os c\u00e1lculos das perdas ainda n\u00e3o foram finalizados, mas que ser\u00e3o divulgados ap\u00f3s o texto passar no segundo turno no plen\u00e1rio.<\/p>\n<p>&nbsp;<\/p>\n<p>A pr\u00f3xima proposta que deve ser aprovada, em sess\u00e3o marcada para come\u00e7ar por volta das 10h desta sexta-feira (12\/7), muda as regras para os professores. Apresentado pelo PDT, o destaque diminui a idade m\u00ednima da categoria, de 58 para 55 anos, para homens, e de 55 para 52 anos, para mulheres, com ped\u00e1gio de 100% sobre o tempo restante de trabalho. Ou seja, se faltar um ano para a aposentadoria, precisar\u00e1 trabalhar dois.<\/p>\n<p>&nbsp;<\/p>\n<p><em>Bras\u00edlia, 02h36min<\/em><\/p>\n","protected":false},"excerpt":{"rendered":"<p>ALESSANDRA AZEVEDO HAMILTON FERRARI O presidente da C\u00e2mara, Rodrigo Maia (DEM-RJ), encerrou a sess\u00e3o de vota\u00e7\u00e3o de destaques \u00e0 reforma da Previd\u00eancia pouco antes das 2h da manh\u00e3 desta sexta-feira (12\/7), ap\u00f3s a oposi\u00e7\u00e3o aprovar a redu\u00e7\u00e3o do tempo de contribui\u00e7\u00e3o dos homens, de 20 para 15 anos. Como os deputados estavam indo embora e [&hellip;]<\/p>\n","protected":false},"author":22,"featured_media":11282,"comment_status":"open","ping_status":"closed","sticky":false,"template":"","format":"standard","meta":{"wpb_read_more":[],"footnotes":""},"categories":[600],"tags":[2491,204,429,614,3995,585],"class_list":["post-11281","post","type-post","status-publish","format-standard","has-post-thumbnail","hentry","category-economia","tag-maia","tag-pec","tag-previdencia","tag-reforma","tag-sessao","tag-votacao"],"_links":{"self":[{"href":"https:\/\/blogs2.correiobraziliense.com.br\/vicente\/wp-json\/wp\/v2\/posts\/11281","targetHints":{"allow":["GET"]}}],"collection":[{"href":"https:\/\/blogs2.correiobraziliense.com.br\/vicente\/wp-json\/wp\/v2\/posts"}],"about":[{"href":"https:\/\/blogs2.correiobraziliense.com.br\/vicente\/wp-json\/wp\/v2\/types\/post"}],"author":[{"embeddable":true,"href":"https:\/\/blogs2.correiobraziliense.com.br\/vicente\/wp-json\/wp\/v2\/users\/22"}],"replies":[{"embeddable":true,"href":"https:\/\/blogs2.correiobraziliense.com.br\/vicente\/wp-json\/wp\/v2\/comments?post=11281"}],"version-history":[{"count":1,"href":"https:\/\/blogs2.correiobraziliense.com.br\/vicente\/wp-json\/wp\/v2\/posts\/11281\/revisions"}],"predecessor-version":[{"id":11283,"href":"https:\/\/blogs2.correiobraziliense.com.br\/vicente\/wp-json\/wp\/v2\/posts\/11281\/revisions\/11283"}],"wp:featuredmedia":[{"embeddable":true,"href":"https:\/\/blogs2.correiobraziliense.com.br\/vicente\/wp-json\/wp\/v2\/media\/11282"}],"wp:attachment":[{"href":"https:\/\/blogs2.correiobraziliense.com.br\/vicente\/wp-json\/wp\/v2\/media?parent=11281"}],"wp:term":[{"taxonomy":"category","embeddable":true,"href":"https:\/\/blogs2.correiobraziliense.com.br\/vicente\/wp-json\/wp\/v2\/categories?post=11281"},{"taxonomy":"post_tag","embeddable":true,"href":"https:\/\/blogs2.correiobraziliense.com.br\/vicente\/wp-json\/wp\/v2\/tags?post=11281"}],"curies":[{"name":"wp","href":"https:\/\/api.w.org\/{rel}","templated":true}]}}