{"id":11288,"date":"2019-07-12T02:45:41","date_gmt":"2019-07-12T05:45:41","guid":{"rendered":"https:\/\/blogs2.correiobraziliense.com.br\/vicente\/?p=11288"},"modified":"2019-07-12T02:45:41","modified_gmt":"2019-07-12T05:45:41","slug":"nenhuma-gravidade-diz-maia-sobre-adiar-previdencia-para-volta-do-recesso","status":"publish","type":"post","link":"https:\/\/blogs2.correiobraziliense.com.br\/vicente\/nenhuma-gravidade-diz-maia-sobre-adiar-previdencia-para-volta-do-recesso\/","title":{"rendered":"&#8220;Nenhuma gravidade&#8221;, diz Maia sobre adiar Previd\u00eancia para volta do recesso"},"content":{"rendered":"<h2>ALESSANDRA AZEVEDO<\/h2>\n<h2>HAMILTON FERRARI<\/h2>\n<h2><\/h2>\n<h2>Ap\u00f3s encerrar a sess\u00e3o de vota\u00e7\u00e3o de destaques \u00e0 reforma da Previd\u00eancia, \u00e0s 2h desta sexta-feira (12\/7), o presidente da C\u00e2mara, Rodrigo Maia (DEM-RJ), admitiu que a aprova\u00e7\u00e3o em segundo turno no plen\u00e1rio pode ficar para depois do recesso legislativo, que inicia no pr\u00f3ximo dia 18. Questionado sobre o poss\u00edvel adiamento, ele minimizou. \u201cAcho que terminar tudo \u00e9 melhor, mas, como o Senado n\u00e3o vai votar agora, n\u00e3o teria nenhuma gravidade. O ideal \u00e9 terminar ainda neste semestre\u201d, disse.<\/h2>\n<h2><\/h2>\n<p>De acordo com o presidente da C\u00e2mara, a inten\u00e7\u00e3o \u00e9 terminar a vota\u00e7\u00e3o dos destaques da reforma e encaminhar o texto para a Comiss\u00e3o Especial nesta sexta-feira (12\/7). \u201cIsso vai depender do qu\u00f3rum que vamos garantir at\u00e9 amanh\u00e3 \u00e0 noite\u201d, apontou. Maia afirmou que tentar\u00e1 votar o segundo turno no plen\u00e1rio no mesmo dia, apesar de admitir que ser\u00e1 dif\u00edcil. Sobre a possibilidade de terminar a avalia\u00e7\u00e3o da mat\u00e9ria no s\u00e1bado (13\/7), ele destacou que \u00e9 arriscado. \u201cTem que ver que tipo de mobiliza\u00e7\u00e3o se consegue sexta \u00e0 noite\u201d, disse.<\/p>\n<p>&nbsp;<\/p>\n<p>Maia declarou ainda que houve muita dificuldade, na \u00faltima sess\u00e3o, para selar o acordo para as vota\u00e7\u00f5es sem que houvesse risco de perder impacto fiscal. \u201cHouve algumas vota\u00e7\u00f5es importantes que n\u00f3s tivemos que segurar a vota\u00e7\u00e3o por 40 minutos, para garantir a vit\u00f3ria, principalmente num dos destaques dos partidos de oposi\u00e7\u00e3o\u201d, frisou. \u201cEra melhor n\u00f3s pararmos, compreender as diverg\u00eancias das posi\u00e7\u00f5es, respeitar isso e amanh\u00e3 (sexta), \u00e0s 9h, n\u00f3s estamos retomando para as 10h30 retornar as vota\u00e7\u00f5es\u201d, alegou.<\/p>\n<p>&nbsp;<\/p>\n<p><strong>Destaques<\/strong><\/p>\n<p>&nbsp;<\/p>\n<p>Sobre os destaques aprovados, Maia ressaltou que a reforma n\u00e3o vai desidratar muito. \u201cNum dos destaques teve perda de receita, mas tamb\u00e9m teve ganho. Na aglutinativa primeira (da bancada feminina), houve um incremento de receita. Ent\u00e3o, ali foi uma conta a zero\u201d, alegou.<\/p>\n<p>&nbsp;<\/p>\n<p>De acordo com ele, a redu\u00e7\u00e3o do tempo de contribui\u00e7\u00e3o dos homens de 20 anos para 15 tamb\u00e9m tem um impacto fiscal pequeno, assim como a proposi\u00e7\u00e3o dos policiais federais e rodovi\u00e1rios federais. J\u00e1 o destaque que muda as regras dos professores, Maia afirmou que tem um efeito que n\u00e3o \u00e9 grande, porque n\u00e3o \u00e9 na Uni\u00e3o que tem o maior n\u00famero de docentes.<\/p>\n<p>&nbsp;<\/p>\n<p><em>Bras\u00edlia, 02h42min<\/em><\/p>\n","protected":false},"excerpt":{"rendered":"<p>ALESSANDRA AZEVEDO HAMILTON FERRARI Ap\u00f3s encerrar a sess\u00e3o de vota\u00e7\u00e3o de destaques \u00e0 reforma da Previd\u00eancia, \u00e0s 2h desta sexta-feira (12\/7), o presidente da C\u00e2mara, Rodrigo Maia (DEM-RJ), admitiu que a aprova\u00e7\u00e3o em segundo turno no plen\u00e1rio pode ficar para depois do recesso legislativo, que inicia no pr\u00f3ximo dia 18. Questionado sobre o poss\u00edvel adiamento, [&hellip;]<\/p>\n","protected":false},"author":22,"featured_media":0,"comment_status":"open","ping_status":"closed","sticky":false,"template":"","format":"standard","meta":{"wpb_read_more":[],"footnotes":""},"categories":[600],"tags":[2491,204,429,614],"class_list":["post-11288","post","type-post","status-publish","format-standard","hentry","category-economia","tag-maia","tag-pec","tag-previdencia","tag-reforma"],"_links":{"self":[{"href":"https:\/\/blogs2.correiobraziliense.com.br\/vicente\/wp-json\/wp\/v2\/posts\/11288","targetHints":{"allow":["GET"]}}],"collection":[{"href":"https:\/\/blogs2.correiobraziliense.com.br\/vicente\/wp-json\/wp\/v2\/posts"}],"about":[{"href":"https:\/\/blogs2.correiobraziliense.com.br\/vicente\/wp-json\/wp\/v2\/types\/post"}],"author":[{"embeddable":true,"href":"https:\/\/blogs2.correiobraziliense.com.br\/vicente\/wp-json\/wp\/v2\/users\/22"}],"replies":[{"embeddable":true,"href":"https:\/\/blogs2.correiobraziliense.com.br\/vicente\/wp-json\/wp\/v2\/comments?post=11288"}],"version-history":[{"count":1,"href":"https:\/\/blogs2.correiobraziliense.com.br\/vicente\/wp-json\/wp\/v2\/posts\/11288\/revisions"}],"predecessor-version":[{"id":11289,"href":"https:\/\/blogs2.correiobraziliense.com.br\/vicente\/wp-json\/wp\/v2\/posts\/11288\/revisions\/11289"}],"wp:attachment":[{"href":"https:\/\/blogs2.correiobraziliense.com.br\/vicente\/wp-json\/wp\/v2\/media?parent=11288"}],"wp:term":[{"taxonomy":"category","embeddable":true,"href":"https:\/\/blogs2.correiobraziliense.com.br\/vicente\/wp-json\/wp\/v2\/categories?post=11288"},{"taxonomy":"post_tag","embeddable":true,"href":"https:\/\/blogs2.correiobraziliense.com.br\/vicente\/wp-json\/wp\/v2\/tags?post=11288"}],"curies":[{"name":"wp","href":"https:\/\/api.w.org\/{rel}","templated":true}]}}