{"id":11295,"date":"2019-07-12T14:59:48","date_gmt":"2019-07-12T17:59:48","guid":{"rendered":"https:\/\/blogs2.correiobraziliense.com.br\/vicente\/?p=11295"},"modified":"2019-07-12T15:13:41","modified_gmt":"2019-07-12T18:13:41","slug":"lideres-entram-em-acordo-e-adiam-segundo-turno-da-reforma-por-indefinicao-sobre-credito-suplementar","status":"publish","type":"post","link":"https:\/\/blogs2.correiobraziliense.com.br\/vicente\/lideres-entram-em-acordo-e-adiam-segundo-turno-da-reforma-por-indefinicao-sobre-credito-suplementar\/","title":{"rendered":"L\u00edderes entram em acordo e adiam segundo turno da reforma por indefini\u00e7\u00e3o sobre cr\u00e9dito suplementar"},"content":{"rendered":"<p>RODOLFO COSTA<\/p>\n<p>A vota\u00e7\u00e3o do segundo turno da reforma da Previd\u00eancia ficar\u00e1, de fato, para depois do recesso parlamentar, em agosto. A justificativa se deve ao atraso do Pal\u00e1cio do Planalto em enviar um Projeto de Lei do Congresso Nacional (PLN) estabelecendo um cr\u00e9dito suplementar extra para quitar compromissos de emendas parlamentares. O\u00a0martelo foi batido em defini\u00e7\u00e3o conjunta entre o presidente da C\u00e2mara, Rodrigo Maia (DEM-RJ), e l\u00edderes partid\u00e1rios no in\u00edcio da tarde desta sexta-feira (12\/7). A lideran\u00e7a do governo fez o poss\u00edvel para manter o qu\u00f3rum e votar, se necess\u00e1rio, at\u00e9 s\u00e1bado (13), mas foi voto vencido.<\/p>\n<p>&nbsp;<\/p>\n<p>O ministro-chefe da Casa Civil, Onyx Lorenzoni, tentou convencer os l\u00edderes a votarem. Pesou para a tomada de decis\u00e3o contr\u00e1ria \u00e0 orienta\u00e7\u00e3o do articulador governista na reforma a imprevisibilidade na conclus\u00e3o do PLN. O titular da pasta admitiu que seria imposs\u00edvel enviar o texto ainda hoje. As dificuldades em concluir a proposta est\u00e1 na contabilidade exata do volume que resta ser pago, a fim de que o governo n\u00e3o pe\u00e7a um cr\u00e9dito suplementar superior ao necess\u00e1rio.<\/p>\n<p>&nbsp;<\/p>\n<p>Pessoas pr\u00f3ximas de Onyx desconhecem se a proposta ser\u00e1 enviada ainda que na pr\u00f3xima semana. Assim, temendo qu\u00f3rum reduzido, o governo reconheceu que o mais prudente \u00e9 deixar a vota\u00e7\u00e3o do segundo turno para agosto, disse um articulador governista ao <strong>Blog<\/strong>. A previs\u00e3o inicial da l\u00edder do governo no Congresso, Joice Hasselmann (PSL-SP), era enviar o projeto ainda na noite de quinta (11).<\/p>\n<p>&nbsp;<\/p>\n<p>A informa\u00e7\u00e3o \u00e9 corroborada no Parlamento. &#8220;O governo pediu tempo para se organizar&#8221;, declarou um l\u00edder ao <strong>Blog<\/strong>. As emendas parlamentares s\u00e3o recursos que n\u00e3o v\u00e3o para a conta banc\u00e1ria de deputados e senadores. As verbas s\u00e3o reconhecidamente republicanas pelo ministro-chefe da Secretaria de Governo, Luiz Eduardo Ramos, sendo direcionadas \u00e0s bases dos congressistas. S\u00e3o, obrigatoriamente, destinadas a obras e servi\u00e7os nas \u00e1reas de sa\u00fade e educa\u00e7\u00e3o.<\/p>\n<p>&nbsp;<\/p>\n<p>Os l\u00edderes garantem que o adiamento da vota\u00e7\u00e3o foi um acordo fechado com o pr\u00f3prio governo. &#8220;N\u00e3o conseguimos encontrar solu\u00e7\u00e3o para vota\u00e7\u00e3o do segundo turno. Isso tem a ver com quest\u00f5es envolvidas a\u00ed com emendas para hospitais e escolas, que acham muito injusto a popula\u00e7\u00e3o mais pobre estar reclamando da reforma da Previd\u00eancia, e n\u00e3o terem atendidas necessidades mais b\u00e1sicas, como, por exemplo, pessoas nos corredores dos hospitais e escolas sucateadas em muitos estados do Brasil&#8221;, declarou outro l\u00edder.<\/p>\n<p>&nbsp;<\/p>\n<p><strong>Elei\u00e7\u00f5es 2020<\/strong><\/p>\n<p>Ou seja, n\u00e3o \u00e9 mais apenas a oposi\u00e7\u00e3o que n\u00e3o deseja a vota\u00e7\u00e3o do segundo turno. Outros partidos que votaram a favor do texto tamb\u00e9m decidiram pelo adiamento. Inclusive alguns do chamado Centr\u00e3o. Posicionamento que compromete at\u00e9 mesmo a reinclus\u00e3o dos estados e munic\u00edpios \u00e0 reforma. O Correio publicou nesta sexta que Maia e o presidente do Senado, Davi Alcolumbre (DEM-AP), negociam a pauta se o governo se comprometer a quitar todos os compromissos firmados. Com a posterga\u00e7\u00e3o, o clima piorou e, agora, deputados e senadores falam em incluir os entes federados somente se os governadores se engajarem.<\/p>\n<p>&nbsp;<\/p>\n<p>A vota\u00e7\u00e3o pela Previd\u00eancia gerou desgastes para muitos parlamentares. Com a proximidade das elei\u00e7\u00f5es municipais, em 2020, eles exigem que o governo cumpra com o pagamento das emendas para se anteciparem \u00e0s articula\u00e7\u00f5es junto aos prefeitos e vereadores em suas bases eleitorais. Costura que ser\u00e1 melhor conduzida com a transfer\u00eancia de verbas para os munic\u00edpios. &#8220;Vamos votar s\u00f3 quando o governo fizer o gesto de assistencialismo que deve ser feito. Honrar o compromisso com a educa\u00e7\u00e3o e sa\u00fade em nossas bases. Vamos segurar para ver at\u00e9 onde o governo entende a necessidade de cuidar do Brasil como um todo&#8221;, sustentou uma lideran\u00e7a na C\u00e2mara.<\/p>\n<p>&nbsp;<\/p>\n<p><strong>Democracia<\/strong><\/p>\n<p>O adiamento tamb\u00e9m \u00e9 confirmado pelo deputado Luis Miranda (DEM-DF). Ao <strong>Blog<\/strong>, ele afirma que gostaria de votar tudo ainda esta semana. &#8220;Por mim e pelo DEM, vot\u00e1vamos tudo at\u00e9 s\u00e1bado para acabar com a pauta, n\u00e3o por gostarmos ou n\u00e3o da mat\u00e9ria. Mas, sim, para tirar a previdenci\u00e1ria da frente porque queremos discutir a reforma tribut\u00e1ria o mais r\u00e1pido poss\u00edvel. E, enquanto permanecer com a Previd\u00eancia no Plen\u00e1rio, n\u00e3o ser\u00e1 poss\u00edvel&#8221;, declarou.<\/p>\n<p>&nbsp;<\/p>\n<p>O parlamentar reconhece que deputados de Bras\u00edlia sens\u00edveis \u00e0 necessidade da reforma n\u00e3o veem problemas em votar o segundo turno agora. &#8220;Mas tem deputado em cidades que o assistencialismo social \u00e9 prec\u00e1rio e o m\u00ednimo que esperam do governo \u00e9 que ele fa\u00e7a algo em contrapartida. N\u00e3o depende s\u00f3 da gente, do DF, ou do DEM, que em momento algum colocou as emendas em xeque para votar. Democracia n\u00e3o \u00e9 isso, mas, sim, o respeito pela opini\u00e3o de todos, inclusive de todos os demais l\u00edderes&#8221;, destacou Miranda.<\/p>\n","protected":false},"excerpt":{"rendered":"<p>RODOLFO COSTA A vota\u00e7\u00e3o do segundo turno da reforma da Previd\u00eancia ficar\u00e1, de fato, para depois do recesso parlamentar, em agosto. A justificativa se deve ao atraso do Pal\u00e1cio do Planalto em enviar um Projeto de Lei do Congresso Nacional (PLN) estabelecendo um cr\u00e9dito suplementar extra para quitar compromissos de emendas parlamentares. O\u00a0martelo foi batido [&hellip;]<\/p>\n","protected":false},"author":22,"featured_media":11296,"comment_status":"open","ping_status":"closed","sticky":false,"template":"","format":"standard","meta":{"wpb_read_more":[],"footnotes":""},"categories":[600],"tags":[1077,134,254,467,429,614,3612,585],"class_list":["post-11295","post","type-post","status-publish","format-standard","has-post-thumbnail","hentry","category-economia","tag-adiamento","tag-camara","tag-congresso","tag-governo","tag-previdencia","tag-reforma","tag-segundo-turno","tag-votacao"],"_links":{"self":[{"href":"https:\/\/blogs2.correiobraziliense.com.br\/vicente\/wp-json\/wp\/v2\/posts\/11295","targetHints":{"allow":["GET"]}}],"collection":[{"href":"https:\/\/blogs2.correiobraziliense.com.br\/vicente\/wp-json\/wp\/v2\/posts"}],"about":[{"href":"https:\/\/blogs2.correiobraziliense.com.br\/vicente\/wp-json\/wp\/v2\/types\/post"}],"author":[{"embeddable":true,"href":"https:\/\/blogs2.correiobraziliense.com.br\/vicente\/wp-json\/wp\/v2\/users\/22"}],"replies":[{"embeddable":true,"href":"https:\/\/blogs2.correiobraziliense.com.br\/vicente\/wp-json\/wp\/v2\/comments?post=11295"}],"version-history":[{"count":7,"href":"https:\/\/blogs2.correiobraziliense.com.br\/vicente\/wp-json\/wp\/v2\/posts\/11295\/revisions"}],"predecessor-version":[{"id":11303,"href":"https:\/\/blogs2.correiobraziliense.com.br\/vicente\/wp-json\/wp\/v2\/posts\/11295\/revisions\/11303"}],"wp:featuredmedia":[{"embeddable":true,"href":"https:\/\/blogs2.correiobraziliense.com.br\/vicente\/wp-json\/wp\/v2\/media\/11296"}],"wp:attachment":[{"href":"https:\/\/blogs2.correiobraziliense.com.br\/vicente\/wp-json\/wp\/v2\/media?parent=11295"}],"wp:term":[{"taxonomy":"category","embeddable":true,"href":"https:\/\/blogs2.correiobraziliense.com.br\/vicente\/wp-json\/wp\/v2\/categories?post=11295"},{"taxonomy":"post_tag","embeddable":true,"href":"https:\/\/blogs2.correiobraziliense.com.br\/vicente\/wp-json\/wp\/v2\/tags?post=11295"}],"curies":[{"name":"wp","href":"https:\/\/api.w.org\/{rel}","templated":true}]}}