{"id":113,"date":"2015-06-19T08:55:00","date_gmt":"2015-06-19T11:55:00","guid":{"rendered":"https:\/\/blogs2.correiobraziliense.com.br\/vicente\/meta_de_inflacao_de_4_ou_425_em_2017\/"},"modified":"2015-06-19T08:55:00","modified_gmt":"2015-06-19T11:55:00","slug":"meta_de_inflacao_de_4_ou_425_em_2017","status":"publish","type":"post","link":"https:\/\/blogs2.correiobraziliense.com.br\/vicente\/meta_de_inflacao_de_4_ou_425_em_2017\/","title":{"rendered":"META DE INFLA\u00c7\u00c3O DE 4% OU 4,25% EM 2017"},"content":{"rendered":"\n<p>T\u00e9cnicos do governo procuraram o <b>Blog<\/b> e asseguraram que, caso o Conselho Monet\u00e1rio Nacional (CMN) decida fixar uma meta de infla\u00e7\u00e3o menor para 2017, de 4,25% ou 4%, a medida ser\u00e1 muito bem-vinda, pois funcionar\u00e1 como um sinal important\u00edssimo de compromisso com a estabilidade monet\u00e1ria. <\/p>\n<p>O que muitos temem \u00e9 que o CMN, que se reunir\u00e1 na pr\u00f3xima quinta-feira, 25, opte por elevar a meta de 2016, para 5% ou 5,5%, como forma de evitar que o BC seja obrigado a elevar ainda mais os juros. Classificam isso como manobra, que pode afetar ainda mais a confian\u00e7a dos agentes econ\u00f4micos. <\/p>\n<p>H\u00e1 uma ala pol\u00edtica do governo que defende a eleva\u00e7\u00e3o da meta de infla\u00e7\u00e3o para 2016. E economistas que recomendam a defini\u00e7\u00e3o de uma meta menor para 2017. BC e Minist\u00e9rio da Fazenda est\u00e3o cientes de todo esse debate. Vamos ver onde ele dar\u00e1. <\/p>\n<p><i>Bras\u00edlia, 08h55min<\/i>   <\/p>\n","protected":false},"excerpt":{"rendered":"<p>T\u00e9cnicos do governo procuraram o Blog e asseguraram que, caso o Conselho Monet\u00e1rio Nacional (CMN) decida fixar uma meta de infla\u00e7\u00e3o menor para 2017, de 4,25% ou 4%, a medida ser\u00e1 muito bem-vinda, pois funcionar\u00e1 como um sinal important\u00edssimo de compromisso com a estabilidade monet\u00e1ria. O que muitos temem \u00e9 que o CMN, que se [&hellip;]<\/p>\n","protected":false},"author":22,"featured_media":0,"comment_status":"open","ping_status":"open","sticky":false,"template":"","format":"standard","meta":{"wpb_read_more":[],"footnotes":""},"categories":[1],"tags":[],"class_list":["post-113","post","type-post","status-publish","format-standard","hentry","category-sem-categoria"],"_links":{"self":[{"href":"https:\/\/blogs2.correiobraziliense.com.br\/vicente\/wp-json\/wp\/v2\/posts\/113","targetHints":{"allow":["GET"]}}],"collection":[{"href":"https:\/\/blogs2.correiobraziliense.com.br\/vicente\/wp-json\/wp\/v2\/posts"}],"about":[{"href":"https:\/\/blogs2.correiobraziliense.com.br\/vicente\/wp-json\/wp\/v2\/types\/post"}],"author":[{"embeddable":true,"href":"https:\/\/blogs2.correiobraziliense.com.br\/vicente\/wp-json\/wp\/v2\/users\/22"}],"replies":[{"embeddable":true,"href":"https:\/\/blogs2.correiobraziliense.com.br\/vicente\/wp-json\/wp\/v2\/comments?post=113"}],"version-history":[{"count":0,"href":"https:\/\/blogs2.correiobraziliense.com.br\/vicente\/wp-json\/wp\/v2\/posts\/113\/revisions"}],"wp:attachment":[{"href":"https:\/\/blogs2.correiobraziliense.com.br\/vicente\/wp-json\/wp\/v2\/media?parent=113"}],"wp:term":[{"taxonomy":"category","embeddable":true,"href":"https:\/\/blogs2.correiobraziliense.com.br\/vicente\/wp-json\/wp\/v2\/categories?post=113"},{"taxonomy":"post_tag","embeddable":true,"href":"https:\/\/blogs2.correiobraziliense.com.br\/vicente\/wp-json\/wp\/v2\/tags?post=113"}],"curies":[{"name":"wp","href":"https:\/\/api.w.org\/{rel}","templated":true}]}}