{"id":1130,"date":"2016-05-26T06:30:02","date_gmt":"2016-05-26T09:30:02","guid":{"rendered":"https:\/\/blogs2.correiobraziliense.com.br\/vicente\/?p=1130"},"modified":"2016-05-26T12:05:52","modified_gmt":"2016-05-26T15:05:52","slug":"o-peso-da-lava-jato","status":"publish","type":"post","link":"https:\/\/blogs2.correiobraziliense.com.br\/vicente\/o-peso-da-lava-jato\/","title":{"rendered":"O peso da Lava-Jato"},"content":{"rendered":"<p>A Opera\u00e7\u00e3o Lava-Jato pode se tornar um problem\u00e3o para o governo de Michel Temer e p\u00f4r em risco o pacote fiscal que visa a resgatar o crescimento econ\u00f4mico. A queda de Romero Juc\u00e1, que foi apeado do Minist\u00e9rio do Planejamento acusado de tramar contra as investiga\u00e7\u00f5es de corrup\u00e7\u00e3o na Petrobras, explicitou que outros ministros podem ser atingidos por den\u00fancias semelhantes, desestabilizando a coaliza\u00e7\u00e3o que o peemedebista montou e tanto precisa para aprovar medidas relevantes no Congresso Nacional.<\/p>\n<p>&nbsp;<\/p>\n<p>O baque provocado pelo afastamento de Juc\u00e1 foi t\u00e3o forte, que o Pal\u00e1cio do Planalto deu in\u00edcio a uma opera\u00e7\u00e3o para abortar qualquer outro esc\u00e2ndalo antes que contamine o governo. Temer est\u00e1 decidido a demitir imediatamente quem for pego em falso, pois j\u00e1 foi avisado de que a rejei\u00e7\u00e3o a ele s\u00f3 tende a aumentar caso mais um auxiliar seja associado a atos il\u00edcitos. E a possibilidade de isso acontecer \u00e9 alta. N\u00e3o \u00e0 toa, o mercado minimizou o impacto das medidas anunciadas pelo ministro da Fazenda, Henrique Meirelles.<\/p>\n<p>&nbsp;<\/p>\n<p>Na cabe\u00e7a dos investidores, o pacote preparado pelo governo \u00e9 relevante, sobretudo por prever um teto para o aumento dos gastos p\u00fablicos. Mas, com as grava\u00e7\u00f5es de S\u00e9rgio Machado, que pegaram em cheio Juc\u00e1, o presidente do Senado, Renan Calheiros, e o ex-presidente Jos\u00e9 Sarney, um enorme flanco foi aberto. A c\u00fapula do PMDB est\u00e1 sob ataque. E, certamente, isso ter\u00e1 reflexo na administra\u00e7\u00e3o de Temer. A pergunta que todos se fazem \u00e9 como o presidente interino conseguir\u00e1 driblar tanta instabilidade pol\u00edtica.<\/p>\n<p>&nbsp;<\/p>\n<p>O maior medo dos investidores \u00e9 o de que o governo Temer acabe ficando muito parecido com o de Dilma, ou seja, sem for\u00e7a no Congresso para aprovar os projetos que podem ajustar as contas p\u00fablicas. A aprova\u00e7\u00e3o da meta fiscal, que prev\u00ea rombo de at\u00e9 R$ 170,5 bilh\u00f5es neste ano, foi uma vit\u00f3ria importante do peemedebista, mas n\u00e3o significa que a base aliada lhe ser\u00e1 fiel o tempo todo. Tudo vai depender do que a Lava-Jato revelar\u00e1 em rela\u00e7\u00e3o a integrantes do governo e como o peemedebista reagir\u00e1.<\/p>\n<p>&nbsp;<\/p>\n<p>Ansiedade<\/p>\n<p>&nbsp;<\/p>\n<p>A decis\u00e3o de antecipar para ontem a nomea\u00e7\u00e3o dos bancos p\u00fablicos faz parte da estrat\u00e9gia do Planalto de atuar em duas frentes. A primeira, manter o apoio do PP ao nomear Gilberto Occhi para a presid\u00eancia da Caixa Econ\u00f4mica Federal. Havia uma grande resist\u00eancia de Meirelles em rela\u00e7\u00e3o a indica\u00e7\u00f5es pol\u00edticas para o banco, dada \u00e0 sa\u00fade fr\u00e1gil da institui\u00e7\u00e3o, que pode precisar de socorro do Tesouro Nacional. Mas a ansiedade e o descontentamento do comando do partido com a demora na nomea\u00e7\u00e3o falaram mais alto. O ministro foi recompensado ao colocar um t\u00e9cnico gabaritado, Paulo Rog\u00e9rio Caffarelli, na presid\u00eancia do Banco do Brasil.<\/p>\n<p>&nbsp;<\/p>\n<p>A segunda frente \u00e9 p\u00f4r fim \u00e0s especula\u00e7\u00f5es do mercado quanto ao futuro dos bancos p\u00fablicos, que foram usados por Dilma Rousseff para as pedaladas fiscais que devem lhe custar o mandato caso o Senado aprove, em definitivo, o impeachment. Os investidores estavam apostando todas as fichas que Meirelles acabaria se impondo sobre as press\u00f5es dos partidos e limparia as institui\u00e7\u00f5es controladas pelo Tesouro da inger\u00eancia pol\u00edtica. Tiveram que se contentar com um trabalho pela metade. Apenas o BB e o Banco Nacional de Desenvolvimento Econ\u00f4mico e Social (BNDES), com Maria S\u00edlvia Bastos Marques, foram, de certa foram blindados.<\/p>\n<p>&nbsp;<\/p>\n<p>Para Eduardo Velho, economista-chefe da INVX Partners, com a Lava-Jato \u00e0 espreita, Temer n\u00e3o pode titubear. Se j\u00e1 havia pressa para a aprova\u00e7\u00e3o de medidas fiscais pelo Congresso, a urg\u00eancia aumentou. \u201cA bola est\u00e1 com o presidente interino. \u00c9 ele quem dir\u00e1 em qual dire\u00e7\u00e3o o governo ir\u00e1\u201d, diz. Na vis\u00e3o de Velho, duas semanas se passaram do novo governo e a sensa\u00e7\u00e3o \u00e9 de que tudo est\u00e1 amarrado, sob amea\u00e7a. \u201cPortanto, Temer deve usar as reconhecidas habilidades pol\u00edticas para acelerar os trabalhos do Congresso e apresentar uma nova rodada de medidas que tenham efeitos a mais curto prazo\u201d, emenda.<\/p>\n<p>&nbsp;<\/p>\n<p>Como S\u00e3o Tom\u00e9<\/p>\n<p>&nbsp;<\/p>\n<p>No entender de Carlos Thadeu Filho, s\u00f3cio da consultoria MacroAgro, os investidores j\u00e1 anteciparam o pacote de medidas que Temer anunciou. Quer dizer: daqui por diante, ser\u00e1 preciso mostrar resultados pr\u00e1ticos. \u201cNingu\u00e9m quer mais comprar promessas. Os investidores est\u00e3o como S\u00e3o Tom\u00e9, querem ver para crer. Isso exigir\u00e1 um esfor\u00e7o redobrado do governo para resgatar a credibilidade da pol\u00edtica econ\u00f4mica\u201d, afirma.<\/p>\n<p>&nbsp;<\/p>\n<p>A avalia\u00e7\u00e3o de Thadeu \u00e9 de que, independentemente dos desdobramentos da Lava-Jato, Temer tem condi\u00e7\u00f5es de sair vitorioso no projeto de tirar o Brasil da recess\u00e3o. O tempo \u00e9 curto, reconhece. Mas, para ele, se o presidente interino conseguir se desvincular das den\u00fancias, inclusive se antecipando e trocando pessoas citadas nas investiga\u00e7\u00f5es por auxiliares fichas limpas, tudo ficar\u00e1 mais f\u00e1cil. \u201cO peemedebista tem tudo para sair bem de todo esse processo conturbado, colocando o Brasil na rota do crescimento sustentado. Isso, \u00e9 claro, passa pela aprova\u00e7\u00e3o das reformas da Previd\u00eancia e trabalhista\u201d, assinala.<\/p>\n<p>&nbsp;<\/p>\n<p>Os pr\u00f3ximos dias ser\u00e3o decisivos para a consolida\u00e7\u00e3o do governo Temer. Ele precisar\u00e1 que os partidos da base aliada mostrem engajamento real \u00e0s medidas propostas pela equipe de Meirelles. Se o debate mostrar divis\u00e3o quanto aos temas, o risco de fracasso aumentar\u00e1. As apostas do mercado est\u00e3o na mesa. Desde a chegada do peemedebista ao Planalto, o d\u00f3lar j\u00e1 subiu quase 4% e a bolsa de valores caiu 6,2%. N\u00e3o \u00e9 pouca coisa.<\/p>\n<p>&nbsp;<\/p>\n<p>Bras\u00edlia, 06h30min<\/p>\n","protected":false},"excerpt":{"rendered":"<p>A Opera\u00e7\u00e3o Lava-Jato pode se tornar um problem\u00e3o para o governo de Michel Temer e p\u00f4r em risco o pacote fiscal que visa a resgatar o crescimento econ\u00f4mico. A queda de Romero Juc\u00e1, que foi apeado do Minist\u00e9rio do Planejamento acusado de tramar contra as investiga\u00e7\u00f5es de corrup\u00e7\u00e3o na Petrobras, explicitou que outros ministros podem [&hellip;]<\/p>\n","protected":false},"author":22,"featured_media":0,"comment_status":"open","ping_status":"closed","sticky":false,"template":"","format":"standard","meta":{"wpb_read_more":[],"footnotes":""},"categories":[1],"tags":[],"class_list":["post-1130","post","type-post","status-publish","format-standard","hentry","category-sem-categoria"],"_links":{"self":[{"href":"https:\/\/blogs2.correiobraziliense.com.br\/vicente\/wp-json\/wp\/v2\/posts\/1130","targetHints":{"allow":["GET"]}}],"collection":[{"href":"https:\/\/blogs2.correiobraziliense.com.br\/vicente\/wp-json\/wp\/v2\/posts"}],"about":[{"href":"https:\/\/blogs2.correiobraziliense.com.br\/vicente\/wp-json\/wp\/v2\/types\/post"}],"author":[{"embeddable":true,"href":"https:\/\/blogs2.correiobraziliense.com.br\/vicente\/wp-json\/wp\/v2\/users\/22"}],"replies":[{"embeddable":true,"href":"https:\/\/blogs2.correiobraziliense.com.br\/vicente\/wp-json\/wp\/v2\/comments?post=1130"}],"version-history":[{"count":1,"href":"https:\/\/blogs2.correiobraziliense.com.br\/vicente\/wp-json\/wp\/v2\/posts\/1130\/revisions"}],"predecessor-version":[{"id":1131,"href":"https:\/\/blogs2.correiobraziliense.com.br\/vicente\/wp-json\/wp\/v2\/posts\/1130\/revisions\/1131"}],"wp:attachment":[{"href":"https:\/\/blogs2.correiobraziliense.com.br\/vicente\/wp-json\/wp\/v2\/media?parent=1130"}],"wp:term":[{"taxonomy":"category","embeddable":true,"href":"https:\/\/blogs2.correiobraziliense.com.br\/vicente\/wp-json\/wp\/v2\/categories?post=1130"},{"taxonomy":"post_tag","embeddable":true,"href":"https:\/\/blogs2.correiobraziliense.com.br\/vicente\/wp-json\/wp\/v2\/tags?post=1130"}],"curies":[{"name":"wp","href":"https:\/\/api.w.org\/{rel}","templated":true}]}}