{"id":11314,"date":"2019-07-12T20:05:35","date_gmt":"2019-07-12T23:05:35","guid":{"rendered":"https:\/\/blogs2.correiobraziliense.com.br\/vicente\/?p=11314"},"modified":"2019-07-12T20:50:08","modified_gmt":"2019-07-12T23:50:08","slug":"esta-faltando-dolar-e-euro-em-bancos-e-casas-de-cambio-de-brasilia","status":"publish","type":"post","link":"https:\/\/blogs2.correiobraziliense.com.br\/vicente\/esta-faltando-dolar-e-euro-em-bancos-e-casas-de-cambio-de-brasilia\/","title":{"rendered":"Est\u00e1 faltando d\u00f3lar e euro em bancos e casas de c\u00e2mbio de Bras\u00edlia"},"content":{"rendered":"<h2><a href=\"https:\/\/blogs2.correiobraziliense.com.br\/vicente\/wp-content\/uploads\/sites\/16\/2019\/05\/dolar.jpg\"><img loading=\"lazy\" decoding=\"async\" class=\"alignnone size-full wp-image-10722\" src=\"https:\/\/blogs2.correiobraziliense.com.br\/vicente\/wp-content\/uploads\/sites\/16\/2019\/05\/dolar.jpg\" alt=\"\" width=\"800\" height=\"533\" srcset=\"https:\/\/blogs2.correiobraziliense.com.br\/vicente\/wp-content\/uploads\/sites\/16\/2019\/05\/dolar.jpg 800w, https:\/\/blogs2.correiobraziliense.com.br\/vicente\/wp-content\/uploads\/sites\/16\/2019\/05\/dolar-300x200.jpg 300w, https:\/\/blogs2.correiobraziliense.com.br\/vicente\/wp-content\/uploads\/sites\/16\/2019\/05\/dolar-768x512.jpg 768w, https:\/\/blogs2.correiobraziliense.com.br\/vicente\/wp-content\/uploads\/sites\/16\/2019\/05\/dolar-350x233.jpg 350w, https:\/\/blogs2.correiobraziliense.com.br\/vicente\/wp-content\/uploads\/sites\/16\/2019\/05\/dolar-550x366.jpg 550w, https:\/\/blogs2.correiobraziliense.com.br\/vicente\/wp-content\/uploads\/sites\/16\/2019\/05\/dolar-230x153.jpg 230w\" sizes=\"auto, (max-width: 800px) 100vw, 800px\" \/><\/a><\/h2>\n<h2><\/h2>\n<h2>RAFAELA GON\u00c7ALVES<\/h2>\n<h2><\/h2>\n<h2>O m\u00eas de f\u00e9rias est\u00e1 sendo de transtornos para bancos e casas de c\u00e2mbio. Diante da procura maci\u00e7a, est\u00e1 faltando d\u00f3lar e euro em v\u00e1rias ag\u00eancias banc\u00e1rias e em casas de c\u00e2mbio. Nos locais em que ainda h\u00e1 moedas estrangeiras, as vendas est\u00e3o limitadas a determinadas quantias.<\/h2>\n<p>&nbsp;<\/p>\n<p>Os especialistas reconhecem que a recente queda dos pre\u00e7os do d\u00f3lar e do euro, devido \u00e0 aprova\u00e7\u00e3o da reforma da Previd\u00eancia em primeiro turno na C\u00e2mara dos Deputados, provocaram uma corrida em busca das divisas, que est\u00e3o no menor n\u00edvel desde o in\u00edcio de mar\u00e7o.<\/p>\n<p>&nbsp;<\/p>\n<p>Mas os mesmos especialistas ressaltam que bancos e casas de c\u00e2mbio podem estar especulando com as moedas. Como teriam comprado as divisas por valores maiores do que os praticados hoje, n\u00e3o querem vend\u00ea-las com preju\u00edzos. A pergunta que os profissionais se fazem \u00e9 at\u00e9 quando conseguir\u00e3o segurar as vendas, uma vez que as perspectivas s\u00e3o de mais baixas para o d\u00f3lar e o euro quando a reforma da Previd\u00eancia for aprovada por completo.<\/p>\n<p>&nbsp;<\/p>\n<p>Nas poucas ag\u00eancias banc\u00e1rias e casas de c\u00e2mbio em que se podia encontrar d\u00f3lar e euro nesta sexta-feira, 12 de julho, as moedas estavam cotadas, na m\u00e9dia, a R$ 4,03 e R$ 4,48, respectivamente, j\u00e1 inclu\u00eddo o Imposto sobre Opera\u00e7\u00f5es Financeiras (IOF).<\/p>\n<p>&nbsp;<\/p>\n<p><strong>Viagens<\/strong><\/p>\n<p>&nbsp;<\/p>\n<p>Atendentes de casas de c\u00e2mbio afirmam que a expectativa \u00e9 de que haja reabastecimento de moedas na pr\u00f3xima semana. &#8220;Mas n\u00e3o podemos garantir&#8221;, diz uma funcion\u00e1ria da casa de c\u00e2mbio Confidence. &#8220;Estamos trabalhando com esse cen\u00e1rio, mas n\u00e3o podemos garantir nada&#8221;, acrescenta.<\/p>\n<p>&nbsp;<\/p>\n<p>Pelos dados do Banco Central, de janeiro a maio deste ano, os brasileiros gastaram\u00a0US$ 7,3 bilh\u00f5es em viagens ao exterior, uma queda de 9,96% na compara\u00e7\u00e3o com o mesmo per\u00edodo de 2018. Esses resultados, no entanto, refletem a disparada dos pre\u00e7os do d\u00f3lar e do euro.<\/p>\n<p>&nbsp;<\/p>\n<p>Agora, com as moedas mais baratas, pode ser que esse quadro mude nos pr\u00f3ximos meses. &#8220;Se a procura por d\u00f3lar e euro continuar no n\u00edvel atual, podemos ter uma boa virada do mercado&#8221;, ressalta um operador de c\u00e2mbio. &#8220;\u00c9 preciso lembrar ainda que Bras\u00edlia \u00e9 um mercado diferenciado por causa da renda mais alta&#8221;, emenda.<\/p>\n<p>&nbsp;<\/p>\n<p><em>Bras\u00edlia, 20h05min<\/em><\/p>\n","protected":false},"excerpt":{"rendered":"<p>RAFAELA GON\u00c7ALVES O m\u00eas de f\u00e9rias est\u00e1 sendo de transtornos para bancos e casas de c\u00e2mbio. Diante da procura maci\u00e7a, est\u00e1 faltando d\u00f3lar e euro em v\u00e1rias ag\u00eancias banc\u00e1rias e em casas de c\u00e2mbio. Nos locais em que ainda h\u00e1 moedas estrangeiras, as vendas est\u00e3o limitadas a determinadas quantias. &nbsp; Os especialistas reconhecem que a [&hellip;]<\/p>\n","protected":false},"author":22,"featured_media":0,"comment_status":"open","ping_status":"closed","sticky":false,"template":"","format":"standard","meta":{"wpb_read_more":[],"footnotes":""},"categories":[600],"tags":[3,4000,343,344,2384,2898],"class_list":["post-11314","post","type-post","status-publish","format-standard","hentry","category-economia","tag-banco-central","tag-casas-de-cambio","tag-dolar","tag-euro","tag-falta","tag-moedas"],"_links":{"self":[{"href":"https:\/\/blogs2.correiobraziliense.com.br\/vicente\/wp-json\/wp\/v2\/posts\/11314","targetHints":{"allow":["GET"]}}],"collection":[{"href":"https:\/\/blogs2.correiobraziliense.com.br\/vicente\/wp-json\/wp\/v2\/posts"}],"about":[{"href":"https:\/\/blogs2.correiobraziliense.com.br\/vicente\/wp-json\/wp\/v2\/types\/post"}],"author":[{"embeddable":true,"href":"https:\/\/blogs2.correiobraziliense.com.br\/vicente\/wp-json\/wp\/v2\/users\/22"}],"replies":[{"embeddable":true,"href":"https:\/\/blogs2.correiobraziliense.com.br\/vicente\/wp-json\/wp\/v2\/comments?post=11314"}],"version-history":[{"count":1,"href":"https:\/\/blogs2.correiobraziliense.com.br\/vicente\/wp-json\/wp\/v2\/posts\/11314\/revisions"}],"predecessor-version":[{"id":11316,"href":"https:\/\/blogs2.correiobraziliense.com.br\/vicente\/wp-json\/wp\/v2\/posts\/11314\/revisions\/11316"}],"wp:attachment":[{"href":"https:\/\/blogs2.correiobraziliense.com.br\/vicente\/wp-json\/wp\/v2\/media?parent=11314"}],"wp:term":[{"taxonomy":"category","embeddable":true,"href":"https:\/\/blogs2.correiobraziliense.com.br\/vicente\/wp-json\/wp\/v2\/categories?post=11314"},{"taxonomy":"post_tag","embeddable":true,"href":"https:\/\/blogs2.correiobraziliense.com.br\/vicente\/wp-json\/wp\/v2\/tags?post=11314"}],"curies":[{"name":"wp","href":"https:\/\/api.w.org\/{rel}","templated":true}]}}