{"id":1134,"date":"2016-05-27T13:30:55","date_gmt":"2016-05-27T16:30:55","guid":{"rendered":"https:\/\/blogs2.correiobraziliense.com.br\/vicente\/?p=1134"},"modified":"2016-05-27T17:03:03","modified_gmt":"2016-05-27T20:03:03","slug":"um-viva-as-mulheres","status":"publish","type":"post","link":"https:\/\/blogs2.correiobraziliense.com.br\/vicente\/um-viva-as-mulheres\/","title":{"rendered":"Um viva \u00e0s mulheres!"},"content":{"rendered":"<p>Nada neste mundo \u00e9 mais precioso do que uma mulher. \u00c9 ela que nos d\u00e1 a vida. \u00c9 ela que nos mostra o caminho a ser seguido para nos tornarmos pessoas melhores. \u00c9 ela que nos protege nos momentos de maior fragilidade.<\/p>\n<p>&nbsp;<\/p>\n<p>\u00c9 inadmiss\u00edvel pensar que tantas mulheres ainda s\u00e3o tratadas como se fossem nada. Um basta aos homens que acreditam que podem fazer o que querem com uma mulher apostando na impunidade. Chega! Acabou!<\/p>\n<p>&nbsp;<\/p>\n<p>Um viva a todas as mulheres!!!<\/p>\n","protected":false},"excerpt":{"rendered":"<p>Nada neste mundo \u00e9 mais precioso do que uma mulher. \u00c9 ela que nos d\u00e1 a vida. \u00c9 ela que nos mostra o caminho a ser seguido para nos tornarmos pessoas melhores. \u00c9 ela que nos protege nos momentos de maior fragilidade. &nbsp; \u00c9 inadmiss\u00edvel pensar que tantas mulheres ainda s\u00e3o tratadas como se fossem [&hellip;]<\/p>\n","protected":false},"author":22,"featured_media":0,"comment_status":"open","ping_status":"closed","sticky":false,"template":"","format":"standard","meta":{"wpb_read_more":[],"footnotes":""},"categories":[1],"tags":[],"class_list":["post-1134","post","type-post","status-publish","format-standard","hentry","category-sem-categoria"],"_links":{"self":[{"href":"https:\/\/blogs2.correiobraziliense.com.br\/vicente\/wp-json\/wp\/v2\/posts\/1134","targetHints":{"allow":["GET"]}}],"collection":[{"href":"https:\/\/blogs2.correiobraziliense.com.br\/vicente\/wp-json\/wp\/v2\/posts"}],"about":[{"href":"https:\/\/blogs2.correiobraziliense.com.br\/vicente\/wp-json\/wp\/v2\/types\/post"}],"author":[{"embeddable":true,"href":"https:\/\/blogs2.correiobraziliense.com.br\/vicente\/wp-json\/wp\/v2\/users\/22"}],"replies":[{"embeddable":true,"href":"https:\/\/blogs2.correiobraziliense.com.br\/vicente\/wp-json\/wp\/v2\/comments?post=1134"}],"version-history":[{"count":1,"href":"https:\/\/blogs2.correiobraziliense.com.br\/vicente\/wp-json\/wp\/v2\/posts\/1134\/revisions"}],"predecessor-version":[{"id":1135,"href":"https:\/\/blogs2.correiobraziliense.com.br\/vicente\/wp-json\/wp\/v2\/posts\/1134\/revisions\/1135"}],"wp:attachment":[{"href":"https:\/\/blogs2.correiobraziliense.com.br\/vicente\/wp-json\/wp\/v2\/media?parent=1134"}],"wp:term":[{"taxonomy":"category","embeddable":true,"href":"https:\/\/blogs2.correiobraziliense.com.br\/vicente\/wp-json\/wp\/v2\/categories?post=1134"},{"taxonomy":"post_tag","embeddable":true,"href":"https:\/\/blogs2.correiobraziliense.com.br\/vicente\/wp-json\/wp\/v2\/tags?post=1134"}],"curies":[{"name":"wp","href":"https:\/\/api.w.org\/{rel}","templated":true}]}}