{"id":1136,"date":"2016-05-27T18:05:23","date_gmt":"2016-05-27T21:05:23","guid":{"rendered":"https:\/\/blogs2.correiobraziliense.com.br\/vicente\/?p=1136"},"modified":"2016-05-27T20:10:39","modified_gmt":"2016-05-27T23:10:39","slug":"pib-do-primeiro-trimestre-caiu-61-ante-o-mesmo-periodo-de-2015","status":"publish","type":"post","link":"https:\/\/blogs2.correiobraziliense.com.br\/vicente\/pib-do-primeiro-trimestre-caiu-61-ante-o-mesmo-periodo-de-2015\/","title":{"rendered":"PIB do primeiro trimestre caiu 6,1% ante o mesmo per\u00edodo de 2015"},"content":{"rendered":"<p>A equipe de economistas do Ita\u00fa Unibanco, que era chefiada por Ilan Goldfajn, futuro presidente do Banco Central, fez as contas e prev\u00ea um tombo consider\u00e1vel do Produto Interno Bruto (PIB) no primeiro trimestre do ano. Em rela\u00e7\u00e3o aos \u00faltimos tr\u00eas meses de 2015, a retra\u00e7\u00e3o foi de 0,8%. Ante o primeiro trimestre do ano passado, a queda chegou a 6,1%. Esse \u00e9 o tamanho da retra\u00e7\u00e3o da economia em um ano.<\/p>\n<p>&nbsp;<\/p>\n<p>Com esse resultado, o Ita\u00fa acredita que o Brasil j\u00e1 contratou contra\u00e7\u00e3o de 3,1% neste ano. \u00c9 o que os economistas chamam de carregamento estat\u00edstico. Se mais nada acontecesse de abril em diante, esse seria o resultado do PIB. O banco acredita, por\u00e9m, que o saldo final de 2016 ser\u00e1 ainda pior. A economia encolher\u00e1 4%, n\u00famero, que, se confirmado, ser\u00e1 o pior em 25 anos. O pa\u00eds registrar\u00e1, pela primeira vez, desde 1930 e 1931, dois anos seguidos de queda do PIB.<\/p>\n<p>&nbsp;<\/p>\n<p>Pelos c\u00e1lculos do Ita\u00fa, os investimentos produtivos ca\u00edram 6,1% nos primeiros tr\u00eas meses do ano na compara\u00e7\u00e3o com os tr\u00eas meses de 2015. J\u00e1 o consumo das fam\u00edlias recuou 1%. A ind\u00fastria recuou 1,9% e os servi\u00e7os, 0,8%. O resultado do PIB s\u00f3 n\u00e3o ser\u00e1 pior devido ao bom desempenho do setor externo. Com a recess\u00e3o econ\u00f4mica e a alta do d\u00f3lar, as importa\u00e7\u00f5es desabaram.<\/p>\n<p>&nbsp;<\/p>\n<p>O dado oficial do PIB sair\u00e1 na pr\u00f3xima quarta-feira, 1 de junho, um dia depois de o Instituto Brasileiro de Geografia e Estat\u00edstica (IBGE) mostrar que o desemprego fechou abril em 11,1%, cravando novo recorde, segundo a Pnad Cont\u00ednua.<\/p>\n<p>&nbsp;<\/p>\n<p><i>Bras\u00edlia, 18h05min<\/i><\/p>\n","protected":false},"excerpt":{"rendered":"<p>A equipe de economistas do Ita\u00fa Unibanco, que era chefiada por Ilan Goldfajn, futuro presidente do Banco Central, fez as contas e prev\u00ea um tombo consider\u00e1vel do Produto Interno Bruto (PIB) no primeiro trimestre do ano. Em rela\u00e7\u00e3o aos \u00faltimos tr\u00eas meses de 2015, a retra\u00e7\u00e3o foi de 0,8%. Ante o primeiro trimestre do ano [&hellip;]<\/p>\n","protected":false},"author":22,"featured_media":0,"comment_status":"open","ping_status":"closed","sticky":false,"template":"","format":"standard","meta":{"wpb_read_more":[],"footnotes":""},"categories":[1],"tags":[],"class_list":["post-1136","post","type-post","status-publish","format-standard","hentry","category-sem-categoria"],"_links":{"self":[{"href":"https:\/\/blogs2.correiobraziliense.com.br\/vicente\/wp-json\/wp\/v2\/posts\/1136","targetHints":{"allow":["GET"]}}],"collection":[{"href":"https:\/\/blogs2.correiobraziliense.com.br\/vicente\/wp-json\/wp\/v2\/posts"}],"about":[{"href":"https:\/\/blogs2.correiobraziliense.com.br\/vicente\/wp-json\/wp\/v2\/types\/post"}],"author":[{"embeddable":true,"href":"https:\/\/blogs2.correiobraziliense.com.br\/vicente\/wp-json\/wp\/v2\/users\/22"}],"replies":[{"embeddable":true,"href":"https:\/\/blogs2.correiobraziliense.com.br\/vicente\/wp-json\/wp\/v2\/comments?post=1136"}],"version-history":[{"count":1,"href":"https:\/\/blogs2.correiobraziliense.com.br\/vicente\/wp-json\/wp\/v2\/posts\/1136\/revisions"}],"predecessor-version":[{"id":1137,"href":"https:\/\/blogs2.correiobraziliense.com.br\/vicente\/wp-json\/wp\/v2\/posts\/1136\/revisions\/1137"}],"wp:attachment":[{"href":"https:\/\/blogs2.correiobraziliense.com.br\/vicente\/wp-json\/wp\/v2\/media?parent=1136"}],"wp:term":[{"taxonomy":"category","embeddable":true,"href":"https:\/\/blogs2.correiobraziliense.com.br\/vicente\/wp-json\/wp\/v2\/categories?post=1136"},{"taxonomy":"post_tag","embeddable":true,"href":"https:\/\/blogs2.correiobraziliense.com.br\/vicente\/wp-json\/wp\/v2\/tags?post=1136"}],"curies":[{"name":"wp","href":"https:\/\/api.w.org\/{rel}","templated":true}]}}