{"id":1140,"date":"2016-05-28T19:05:01","date_gmt":"2016-05-28T22:05:01","guid":{"rendered":"https:\/\/blogs2.correiobraziliense.com.br\/vicente\/?p=1140"},"modified":"2016-05-28T21:04:11","modified_gmt":"2016-05-29T00:04:11","slug":"governo-temer-ja-cogita-adiar-reforma-da-previdencia","status":"publish","type":"post","link":"https:\/\/blogs2.correiobraziliense.com.br\/vicente\/governo-temer-ja-cogita-adiar-reforma-da-previdencia\/","title":{"rendered":"Governo Temer j\u00e1 cogita adiar reforma da Previd\u00eancia"},"content":{"rendered":"<p>Diante da crise pol\u00edtica que n\u00e3o d\u00e1 tr\u00e9gua, com a c\u00fapula do PMDB no alvo da Lava-Jato, o presidente interino, Michel Temer, cogita adiar o envio do projeto de reforma da Previd\u00eancia ao Congresso. O discurso j\u00e1 est\u00e1 pronto: a necessidade de um amplo debate para se chegar a um consenso com a sociedade.<\/p>\n<p>&nbsp;<\/p>\n<p>A princ\u00edpio, as centrais sindicais ficaram de apresentar suas sugest\u00f5es para a reforma at\u00e9 3 de junho. A partir da\u00ed, o governo fecharia o projeto que seria encaminhado ao Congresso no dia 10 ou no dia 13 de junho. Esse prazo, contudo, pode ser dilatado.<\/p>\n<p>&nbsp;<\/p>\n<p>O ministro da Fazenda, Henrique Meirelles, admite que n\u00e3o h\u00e1 nenhum problema nisso, desde que se chegue a um consenso que tenha como objetivo principal conter a escalada do rombo no caixa da Previd\u00eancia Social. Meirelles afirma, no entanto, que n\u00e3o se pode estender demais a discuss\u00e3o. A Previd\u00eancia precisa de uma solu\u00e7\u00e3o. O d\u00e9ficit do Instituto Nacional do Seguro Social (INSS) neste ano deve chegar a R$ 146 bilh\u00f5es, quase o triplo do observado em 2104.<\/p>\n<p>&nbsp;<\/p>\n<p>A prioridade do governo neste momento \u00e9 aprovar no Congresso a Proposta de Emenda Constitucional (PEC) que limitar\u00e1 o crescimento dos gastos p\u00fablicos \u00e0 infla\u00e7\u00e3o do ano interior. Tamb\u00e9m haver\u00e1 empenho especial para passar em plen\u00e1rio o projeto que amplia a desvincula\u00e7\u00e3o de receitas do Or\u00e7amento da Uni\u00e3o. Atualmente, 90% das despesas s\u00e3o carimbadas. &#8220;Vamos priorizar o que j\u00e1 est\u00e1 no Congresso. Vamos gastar energia com o que \u00e9 mais urgente neste momento. A reforma da Previd\u00eancia vai andar, mas sem muita pressa&#8221;, ressalta um dos mais pr\u00f3ximos auxiliares de Temer.<\/p>\n<p>&nbsp;<\/p>\n<p>Bras\u00edlia, 19h05min<\/p>\n","protected":false},"excerpt":{"rendered":"<p>Diante da crise pol\u00edtica que n\u00e3o d\u00e1 tr\u00e9gua, com a c\u00fapula do PMDB no alvo da Lava-Jato, o presidente interino, Michel Temer, cogita adiar o envio do projeto de reforma da Previd\u00eancia ao Congresso. O discurso j\u00e1 est\u00e1 pronto: a necessidade de um amplo debate para se chegar a um consenso com a sociedade. &nbsp; [&hellip;]<\/p>\n","protected":false},"author":22,"featured_media":0,"comment_status":"open","ping_status":"closed","sticky":false,"template":"","format":"standard","meta":{"wpb_read_more":[],"footnotes":""},"categories":[1],"tags":[],"class_list":["post-1140","post","type-post","status-publish","format-standard","hentry","category-sem-categoria"],"_links":{"self":[{"href":"https:\/\/blogs2.correiobraziliense.com.br\/vicente\/wp-json\/wp\/v2\/posts\/1140","targetHints":{"allow":["GET"]}}],"collection":[{"href":"https:\/\/blogs2.correiobraziliense.com.br\/vicente\/wp-json\/wp\/v2\/posts"}],"about":[{"href":"https:\/\/blogs2.correiobraziliense.com.br\/vicente\/wp-json\/wp\/v2\/types\/post"}],"author":[{"embeddable":true,"href":"https:\/\/blogs2.correiobraziliense.com.br\/vicente\/wp-json\/wp\/v2\/users\/22"}],"replies":[{"embeddable":true,"href":"https:\/\/blogs2.correiobraziliense.com.br\/vicente\/wp-json\/wp\/v2\/comments?post=1140"}],"version-history":[{"count":1,"href":"https:\/\/blogs2.correiobraziliense.com.br\/vicente\/wp-json\/wp\/v2\/posts\/1140\/revisions"}],"predecessor-version":[{"id":1141,"href":"https:\/\/blogs2.correiobraziliense.com.br\/vicente\/wp-json\/wp\/v2\/posts\/1140\/revisions\/1141"}],"wp:attachment":[{"href":"https:\/\/blogs2.correiobraziliense.com.br\/vicente\/wp-json\/wp\/v2\/media?parent=1140"}],"wp:term":[{"taxonomy":"category","embeddable":true,"href":"https:\/\/blogs2.correiobraziliense.com.br\/vicente\/wp-json\/wp\/v2\/categories?post=1140"},{"taxonomy":"post_tag","embeddable":true,"href":"https:\/\/blogs2.correiobraziliense.com.br\/vicente\/wp-json\/wp\/v2\/tags?post=1140"}],"curies":[{"name":"wp","href":"https:\/\/api.w.org\/{rel}","templated":true}]}}