{"id":11428,"date":"2019-07-25T16:20:29","date_gmt":"2019-07-25T19:20:29","guid":{"rendered":"https:\/\/blogs2.correiobraziliense.com.br\/vicente\/?p=11428"},"modified":"2019-07-25T16:20:29","modified_gmt":"2019-07-25T19:20:29","slug":"a-espera-da-super-quarta","status":"publish","type":"post","link":"https:\/\/blogs2.correiobraziliense.com.br\/vicente\/a-espera-da-super-quarta\/","title":{"rendered":"\u00c0 espera da &#8220;super quarta&#8221;"},"content":{"rendered":"<h2>\n<span style=\"font-weight: 400\">ROSANA HESSEL<\/span><\/h2>\n<h2><\/h2>\n<h2><span style=\"font-weight: 400\">H\u00e1 uma grande expectativa do mercado em rela\u00e7\u00e3o \u00e0 pr\u00f3xima quarta-feira (31\/07). Ele est\u00e1 no aguardo das decis\u00f5es dos comit\u00eas de pol\u00edtica econ\u00f4mica de dois bancos centrais: o Copom, do Banco Central do Brasil, e o Fomc, do Fed (Federal Reserve, o banco central dos Estados Unidos). \u201c\u00c9 a &#8216;super quarta&#8217; e os analistas est\u00e3o atentos, porque h\u00e1 um consenso de que os dois bancos centrais devem reduzir suas respectivas taxas de juros\u201d, explicou Pablo Spyer, diretor da coreana Mirae Asset. <\/span><\/h2>\n<h2><\/h2>\n<p><span style=\"font-weight: 400\">Logo, na avalia\u00e7\u00e3o de Spyer, qualquer sinaliza\u00e7\u00e3o contr\u00e1ria a essa expectativa, a rea\u00e7\u00e3o dos mercados poder\u00e1 ser ruim, porque h\u00e1 um movimento \u201cdovish\u201d no mercado, denominado pelos analistas como expansionista, leniente para com a infla\u00e7\u00e3o e voltado \u00e0 manuten\u00e7\u00e3o da atividade econ\u00f4mica. No Brasil, segundo ele, o troco, caso o Copom resolver manter a Selic (taxa b\u00e1sica da economia) em 6,5% anuais, ser\u00e1 no c\u00e2mbio. \u201cSe n\u00e3o houver cortes do Banco Central ou do Fed, provavelmente, o d\u00f3lar vai para R$ 4 no dia seguinte\u201d, apostou. \u201cO consenso do mercado \u00e9 que haver\u00e1 corte na pr\u00f3xima semana da Selic, mas o mercado est\u00e1 bem dividido se esse corte ser\u00e1 de 0,25 ponto percentual ou de 0,5 ponto percentual\u201d, destacou.<\/span><\/p>\n<p>&nbsp;<\/p>\n<p><span style=\"font-weight: 400\">O diretor da Mirae lembrou que o Banco Central Europeu (BCE) tamb\u00e9m vinha sinalizando fazer novos cortes nos juros e alguns pa\u00edses, mas as declara\u00e7\u00f5es do presidente da institui\u00e7\u00e3o, Mario Draghi, desta quinta-feira (25\/07) dando a entender que ser\u00e1 menos &#8220;dovish&#8221;, ajudou a pressionar o d\u00f3lar frente ao real, que passou de R$ 3,80 pela primeira vez ap\u00f3s a aprova\u00e7\u00e3o da reforma da Previd\u00eancia no primeiro turno da C\u00e2mara, no fim de junho.<\/span><\/p>\n<p>&nbsp;<\/p>\n<p>&nbsp;<\/p>\n","protected":false},"excerpt":{"rendered":"<p>ROSANA HESSEL H\u00e1 uma grande expectativa do mercado em rela\u00e7\u00e3o \u00e0 pr\u00f3xima quarta-feira (31\/07). Ele est\u00e1 no aguardo das decis\u00f5es dos comit\u00eas de pol\u00edtica econ\u00f4mica de dois bancos centrais: o Copom, do Banco Central do Brasil, e o Fomc, do Fed (Federal Reserve, o banco central dos Estados Unidos). \u201c\u00c9 a &#8216;super quarta&#8217; e os [&hellip;]<\/p>\n","protected":false},"author":22,"featured_media":0,"comment_status":"open","ping_status":"closed","sticky":false,"template":"","format":"standard","meta":{"wpb_read_more":[],"footnotes":""},"categories":[600],"tags":[3,849,4,753,34],"class_list":["post-11428","post","type-post","status-publish","format-standard","hentry","category-economia","tag-banco-central","tag-cambio","tag-juros","tag-mercado","tag-selic"],"_links":{"self":[{"href":"https:\/\/blogs2.correiobraziliense.com.br\/vicente\/wp-json\/wp\/v2\/posts\/11428","targetHints":{"allow":["GET"]}}],"collection":[{"href":"https:\/\/blogs2.correiobraziliense.com.br\/vicente\/wp-json\/wp\/v2\/posts"}],"about":[{"href":"https:\/\/blogs2.correiobraziliense.com.br\/vicente\/wp-json\/wp\/v2\/types\/post"}],"author":[{"embeddable":true,"href":"https:\/\/blogs2.correiobraziliense.com.br\/vicente\/wp-json\/wp\/v2\/users\/22"}],"replies":[{"embeddable":true,"href":"https:\/\/blogs2.correiobraziliense.com.br\/vicente\/wp-json\/wp\/v2\/comments?post=11428"}],"version-history":[{"count":1,"href":"https:\/\/blogs2.correiobraziliense.com.br\/vicente\/wp-json\/wp\/v2\/posts\/11428\/revisions"}],"predecessor-version":[{"id":11429,"href":"https:\/\/blogs2.correiobraziliense.com.br\/vicente\/wp-json\/wp\/v2\/posts\/11428\/revisions\/11429"}],"wp:attachment":[{"href":"https:\/\/blogs2.correiobraziliense.com.br\/vicente\/wp-json\/wp\/v2\/media?parent=11428"}],"wp:term":[{"taxonomy":"category","embeddable":true,"href":"https:\/\/blogs2.correiobraziliense.com.br\/vicente\/wp-json\/wp\/v2\/categories?post=11428"},{"taxonomy":"post_tag","embeddable":true,"href":"https:\/\/blogs2.correiobraziliense.com.br\/vicente\/wp-json\/wp\/v2\/tags?post=11428"}],"curies":[{"name":"wp","href":"https:\/\/api.w.org\/{rel}","templated":true}]}}