{"id":11430,"date":"2019-07-26T11:35:42","date_gmt":"2019-07-26T14:35:42","guid":{"rendered":"https:\/\/blogs2.correiobraziliense.com.br\/vicente\/?p=11430"},"modified":"2019-07-26T12:09:25","modified_gmt":"2019-07-26T15:09:25","slug":"r-1-mil-na-poupanca-demoram-155-anos-para-se-transformar-em-r-1-milhao-bancos-demoram-48-anos-com-cheque-especial","status":"publish","type":"post","link":"https:\/\/blogs2.correiobraziliense.com.br\/vicente\/r-1-mil-na-poupanca-demoram-155-anos-para-se-transformar-em-r-1-milhao-bancos-demoram-48-anos-com-cheque-especial\/","title":{"rendered":"R$ 1 mil na poupan\u00e7a demoram 155 anos para se transformar em R$ 1 milh\u00e3o. Bancos demoram 4,8 anos com cheque especial"},"content":{"rendered":"<p>ROSANA HESSEL<\/p>\n<p>&nbsp;<\/p>\n<p>As distor\u00e7\u00f5es entre os juros cobrados pelos bancos dos devedores e os pagos aos investidores est\u00e3o cada vez mais impressionantes. Pelos c\u00e1lculos do Banco Central, ao rendimento de hoje, de 0,37% ao m\u00eas, R$ 1 mil aplicados na caderneta de poupan\u00e7a demorariam 155 anos para se transformar em R$ 1 milh\u00e3o.<\/p>\n<p>&nbsp;<\/p>\n<p>Os bancos, por\u00e9m, levam apenas 4,83 anos para transformar R$ 1 mil em R$ 1 milh\u00e3o se um cliente ficar dependurado no cheque especial ao longo desse per\u00edodo, pagando juros mensais de 12,75%.<\/p>\n<p>&nbsp;<\/p>\n<p>As institui\u00e7\u00f5es financeiras tamb\u00e9m levariam apenas cinco anos para transformar R$ 1 mil em R$ 1 milh\u00e3o com o cliente pagando 12,25% ao m\u00eas no rotativo do cart\u00e3o de cr\u00e9dito.<\/p>\n<p>&nbsp;<\/p>\n<p>N\u00e3o por acaso, h\u00e1 uma press\u00e3o dentro do Minist\u00e9rio da Economia para que se promova mudan\u00e7as na estrutura dos juros dos bancos, interferindo na composi\u00e7\u00e3o do spread, que \u00e9 a diferen\u00e7a entre o que os bancos pagam aos investidores e o que cobram dos devedores.<\/p>\n<p>&nbsp;<\/p>\n<p>Chamou muito a aten\u00e7\u00e3o do governo a nova rodada de alta dos juros cobrados pelos bancos dos consumidores. Dados do BC apontam que, em junho, a taxa m\u00e9dia\u00a0do cart\u00e3o de cr\u00e9dito rotativo para pessoas f\u00edsicas subiu de 299,8% para 300,1% ao ano.<\/p>\n<p>&nbsp;<\/p>\n<p>J\u00e1 a taxa m\u00e9dia do cheque especial, segundo o BC, saltou de 320,9%, em maio, para 322,2% ao ano, em junho de 2019. Nos seis primeiros meses deste ano, a alta foi de 9,6 pontos percentuais.<\/p>\n<p>&nbsp;<\/p>\n<p><em>Bras\u00edlia, 11h35min<\/em><\/p>\n","protected":false},"excerpt":{"rendered":"<p>ROSANA HESSEL &nbsp; As distor\u00e7\u00f5es entre os juros cobrados pelos bancos dos devedores e os pagos aos investidores est\u00e3o cada vez mais impressionantes. Pelos c\u00e1lculos do Banco Central, ao rendimento de hoje, de 0,37% ao m\u00eas, R$ 1 mil aplicados na caderneta de poupan\u00e7a demorariam 155 anos para se transformar em R$ 1 milh\u00e3o. &nbsp; [&hellip;]<\/p>\n","protected":false},"author":22,"featured_media":0,"comment_status":"open","ping_status":"closed","sticky":false,"template":"","format":"standard","meta":{"wpb_read_more":[],"footnotes":""},"categories":[600],"tags":[822,163,4],"class_list":["post-11430","post","type-post","status-publish","format-standard","hentry","category-economia","tag-bancos","tag-caderneta-de-poupanca","tag-juros"],"_links":{"self":[{"href":"https:\/\/blogs2.correiobraziliense.com.br\/vicente\/wp-json\/wp\/v2\/posts\/11430","targetHints":{"allow":["GET"]}}],"collection":[{"href":"https:\/\/blogs2.correiobraziliense.com.br\/vicente\/wp-json\/wp\/v2\/posts"}],"about":[{"href":"https:\/\/blogs2.correiobraziliense.com.br\/vicente\/wp-json\/wp\/v2\/types\/post"}],"author":[{"embeddable":true,"href":"https:\/\/blogs2.correiobraziliense.com.br\/vicente\/wp-json\/wp\/v2\/users\/22"}],"replies":[{"embeddable":true,"href":"https:\/\/blogs2.correiobraziliense.com.br\/vicente\/wp-json\/wp\/v2\/comments?post=11430"}],"version-history":[{"count":1,"href":"https:\/\/blogs2.correiobraziliense.com.br\/vicente\/wp-json\/wp\/v2\/posts\/11430\/revisions"}],"predecessor-version":[{"id":11431,"href":"https:\/\/blogs2.correiobraziliense.com.br\/vicente\/wp-json\/wp\/v2\/posts\/11430\/revisions\/11431"}],"wp:attachment":[{"href":"https:\/\/blogs2.correiobraziliense.com.br\/vicente\/wp-json\/wp\/v2\/media?parent=11430"}],"wp:term":[{"taxonomy":"category","embeddable":true,"href":"https:\/\/blogs2.correiobraziliense.com.br\/vicente\/wp-json\/wp\/v2\/categories?post=11430"},{"taxonomy":"post_tag","embeddable":true,"href":"https:\/\/blogs2.correiobraziliense.com.br\/vicente\/wp-json\/wp\/v2\/tags?post=11430"}],"curies":[{"name":"wp","href":"https:\/\/api.w.org\/{rel}","templated":true}]}}