{"id":11438,"date":"2019-07-29T10:35:26","date_gmt":"2019-07-29T13:35:26","guid":{"rendered":"https:\/\/blogs2.correiobraziliense.com.br\/vicente\/?p=11438"},"modified":"2019-07-29T10:47:00","modified_gmt":"2019-07-29T13:47:00","slug":"banco-do-brasil-anuncia-medidas-para-reducao-funcionarios","status":"publish","type":"post","link":"https:\/\/blogs2.correiobraziliense.com.br\/vicente\/banco-do-brasil-anuncia-medidas-para-reducao-funcionarios\/","title":{"rendered":"Banco do Brasil anuncia medidas para redu\u00e7\u00e3o de funcion\u00e1rios"},"content":{"rendered":"<h2>HAMILTON FERRARI<\/h2>\n<h2><\/h2>\n<p>O Bando do Brasil (BB) anunciou, em fato relevante na manh\u00e3 desta segunda-feira (29\/7) medidas para reduzir o quadro de pessoal, conforme antecipou o <a href=\"https:\/\/blogs2.correiobraziliense.com.br\/vicente\/bb-prepara-mais-um-pdv-para-reduzir-quadro-de-pessoal\/\">Blog<\/a> no \u00faltimo s\u00e1bado. O Conselho de Administra\u00e7\u00e3o da institui\u00e7\u00e3o aprovou um conjunto de a\u00e7\u00f5es para reorganiza\u00e7\u00e3o institucional.<\/p>\n<h2><\/h2>\n<p>O Programa Adequa\u00e7\u00e3o de Quadros (PAQ) que vai buscar otimizar a distribui\u00e7\u00e3o da for\u00e7a de trabalho do BB. O objetivo \u00e9 equacionar vagas e excessos nas unidades da institui\u00e7\u00e3o financeira. &#8220;Cabe notar que os funcion\u00e1rios que re\u00fanam\u00a0as condi\u00e7\u00f5es estabelecidas no regulamento poder\u00e3o aderir a um plano de desligamento incentivado&#8221;, comunicou o banco.<\/p>\n<p>&nbsp;<\/p>\n<p>Haver\u00e1 uma revis\u00e3o e redimensionamento da estrutura organizacional do BB dos n\u00edveis estrat\u00e9gicos, t\u00e1tico, de apoio e de neg\u00f3cios. Ou seja, dire\u00e7\u00e3o geral, superintend\u00eancias, \u00f3rg\u00e3os regionais e ag\u00eancias.<\/p>\n<p>&nbsp;<\/p>\n<p>De acordo com o BB, ser\u00e3o criadas 42 novas ag\u00eancias empresas at\u00e9 outubro, transformando 333 ag\u00eancias em Posto de Atendimento Avan\u00e7ado (PAA), que s\u00e3o pontos destinados a munic\u00edpios desassistidos de servi\u00e7os banc\u00e1rios e possuem estrutura reduzida de funcion\u00e1rios.\u00a0Outras 49 PAAs devem se transformar em ag\u00eancias.<\/p>\n<p>&nbsp;<\/p>\n<p>A institui\u00e7\u00e3o financeira tamb\u00e9m vai criar uma Unidade Intelig\u00eancia Anal\u00edtica para acelerar o processo de transporta\u00e7\u00e3o digital. A estrutura ser\u00e1 respons\u00e1vel pela cria\u00e7\u00e3o de t\u00e9cnicas, ferramentas e inova\u00e7\u00f5es que utilizam solu\u00e7\u00f5es anal\u00edticas e intelig\u00eancia artificial.<\/p>\n<p>A implementa\u00e7\u00e3o dessas a\u00e7\u00f5es ocorrer\u00e1 no segundo semestre de 2019. O impacto financeiro do programa ser\u00e1 divulgado at\u00e9 o final de agosto e n\u00e3o altera as proje\u00e7\u00f5es\u00a0divulgadas para 2019.<\/p>\n<p>&nbsp;<\/p>\n<p>&#8220;O Banco do Brasil reitera que estas e outras iniciativas se alinham ao prop\u00f3sito de ampliar a competitividade, por meio da transforma\u00e7\u00e3o digital e do dinamismo do modelo de atendimento e relacionamento&#8221;, completou o fato relevante.<\/p>\n<p>&nbsp;<\/p>\n<p><em>Bras\u00edlia, 10h34min<\/em><\/p>\n<p>&nbsp;<\/p>\n<p>&nbsp;<\/p>\n","protected":false},"excerpt":{"rendered":"<p>HAMILTON FERRARI O Bando do Brasil (BB) anunciou, em fato relevante na manh\u00e3 desta segunda-feira (29\/7) medidas para reduzir o quadro de pessoal, conforme antecipou o Blog no \u00faltimo s\u00e1bado. O Conselho de Administra\u00e7\u00e3o da institui\u00e7\u00e3o aprovou um conjunto de a\u00e7\u00f5es para reorganiza\u00e7\u00e3o institucional. O Programa Adequa\u00e7\u00e3o de Quadros (PAQ) que vai buscar otimizar a [&hellip;]<\/p>\n","protected":false},"author":22,"featured_media":11442,"comment_status":"open","ping_status":"closed","sticky":false,"template":"","format":"standard","meta":{"wpb_read_more":[],"footnotes":""},"categories":[600],"tags":[2592,1373,476,1396],"class_list":["post-11438","post","type-post","status-publish","format-standard","has-post-thumbnail","hentry","category-economia","tag-banco","tag-bb","tag-funcionarios","tag-pdv"],"_links":{"self":[{"href":"https:\/\/blogs2.correiobraziliense.com.br\/vicente\/wp-json\/wp\/v2\/posts\/11438","targetHints":{"allow":["GET"]}}],"collection":[{"href":"https:\/\/blogs2.correiobraziliense.com.br\/vicente\/wp-json\/wp\/v2\/posts"}],"about":[{"href":"https:\/\/blogs2.correiobraziliense.com.br\/vicente\/wp-json\/wp\/v2\/types\/post"}],"author":[{"embeddable":true,"href":"https:\/\/blogs2.correiobraziliense.com.br\/vicente\/wp-json\/wp\/v2\/users\/22"}],"replies":[{"embeddable":true,"href":"https:\/\/blogs2.correiobraziliense.com.br\/vicente\/wp-json\/wp\/v2\/comments?post=11438"}],"version-history":[{"count":4,"href":"https:\/\/blogs2.correiobraziliense.com.br\/vicente\/wp-json\/wp\/v2\/posts\/11438\/revisions"}],"predecessor-version":[{"id":11444,"href":"https:\/\/blogs2.correiobraziliense.com.br\/vicente\/wp-json\/wp\/v2\/posts\/11438\/revisions\/11444"}],"wp:featuredmedia":[{"embeddable":true,"href":"https:\/\/blogs2.correiobraziliense.com.br\/vicente\/wp-json\/wp\/v2\/media\/11442"}],"wp:attachment":[{"href":"https:\/\/blogs2.correiobraziliense.com.br\/vicente\/wp-json\/wp\/v2\/media?parent=11438"}],"wp:term":[{"taxonomy":"category","embeddable":true,"href":"https:\/\/blogs2.correiobraziliense.com.br\/vicente\/wp-json\/wp\/v2\/categories?post=11438"},{"taxonomy":"post_tag","embeddable":true,"href":"https:\/\/blogs2.correiobraziliense.com.br\/vicente\/wp-json\/wp\/v2\/tags?post=11438"}],"curies":[{"name":"wp","href":"https:\/\/api.w.org\/{rel}","templated":true}]}}