{"id":11445,"date":"2019-07-29T12:23:17","date_gmt":"2019-07-29T15:23:17","guid":{"rendered":"https:\/\/blogs2.correiobraziliense.com.br\/vicente\/?p=11445"},"modified":"2019-07-30T20:58:56","modified_gmt":"2019-07-30T23:58:56","slug":"banco-do-brasil-vai-oferecer-de-r20-mil-a-r-200-mil-a-funcionario-que-pedir-demissao","status":"publish","type":"post","link":"https:\/\/blogs2.correiobraziliense.com.br\/vicente\/banco-do-brasil-vai-oferecer-de-r20-mil-a-r-200-mil-a-funcionario-que-pedir-demissao\/","title":{"rendered":"BB vai oferecer de R$ 20 mil a R$ 200 mil a funcion\u00e1rio que pedir demiss\u00e3o"},"content":{"rendered":"<h2>HAMILTON FERRARI<\/h2>\n<h2><\/h2>\n<p>O Banco do Brasil (BB) deve oferecer incentivos que variam de R$ 20 mil a R$ 200 mil para funcion\u00e1rios que se demitirem voluntariamente. A medida faz parte do Programa de Adequa\u00e7\u00e3o de Quadro (PAQ), anunciado na manh\u00e3 desta segunda-feira (29\/7) e antecipada pelo <a href=\"https:\/\/blogs2.correiobraziliense.com.br\/vicente\/bb-prepara-mais-um-pdv-para-reduzir-quadro-de-pessoal\/\">Blog<\/a>.<\/p>\n<h2><\/h2>\n<p>Pelo que ficou acertado, o trabalhador com at\u00e9 20 anos de empresa receber\u00e1 7,8 sal\u00e1rios brutos como incentivo para o desligamento. Os funcion\u00e1rios da estatal com duas d\u00e9cadas ou mais de casa poder\u00e3o receber at\u00e9 9,8 sal\u00e1rio.<\/p>\n<p>&nbsp;<\/p>\n<p>Tamb\u00e9m est\u00e1 em estudo a possibilidade de que o BB pague o plano de sa\u00fade destes funcion\u00e1rios por mais um ano, incluindo os dependentes. O trabalhador que aderir ao PAQ tamb\u00e9m deve ficar isento de pagamento de custos de treinamento, como cursos, gradua\u00e7\u00e3o, idiomas e certifica\u00e7\u00f5es.<\/p>\n<p>&nbsp;<\/p>\n<p>O <a href=\"https:\/\/mz-prod-cvm.s3.amazonaws.com\/1023\/IPE\/2019\/2552cf84-db35-4b33-9af2-43f3f7237ef7\/20190729120745947409_1023_702242.pdf\">fato relevante<\/a> com o an\u00fancio de reestrutura\u00e7\u00e3o foi publicado <a href=\"https:\/\/blogs2.correiobraziliense.com.br\/vicente\/banco-do-brasil-anuncia-medidas-para-reducao-funcionarios\/\">na manh\u00e3 desta segunda-feira (29\/7) pelo BB<\/a>.<\/p>\n<p>&nbsp;<\/p>\n<p><strong>Reestrutura\u00e7\u00e3o\u00a0<\/strong><\/p>\n<p>&nbsp;<\/p>\n<p>O <strong>Blog<\/strong> mostrou no \u00faltimo s\u00e1bado (27\/7) que o Banco do Brasil faria um Programa de Demiss\u00e3o Volunt\u00e1ria (PDV), com medidas que teriam o nome de reorganiza\u00e7\u00e3o institucional. As a\u00e7\u00f5es forma aprovadas pelo Conselho de Administra\u00e7\u00e3o do BB.<\/p>\n<p>&nbsp;<\/p>\n<p>De acordo com o BB, o PAQ busca otimizar a distribui\u00e7\u00e3o da for\u00e7a de trabalho, equacionando os excessos de pessoal nas unidades da institui\u00e7\u00e3o financeira. O programa vai em dire\u00e7\u00e3o \u00e0 &#8220;revis\u00e3o&#8221; e &#8220;redimensionamento&#8221; da estrutura organizacional.<\/p>\n<p>&nbsp;<\/p>\n<p>Uma das medidas \u00e9 reduzir o n\u00famero de ag\u00eancias, transformando 333 delas em Posto de Atendimento Avan\u00e7ado (PAA), que\u00a0, que s\u00e3o pontos destinados a munic\u00edpios desassistidos de servi\u00e7os banc\u00e1rios e possuem estrutura reduzida de funcion\u00e1rios.<\/p>\n<p>&nbsp;<\/p>\n<p>A implementa\u00e7\u00e3o dessas a\u00e7\u00f5es ocorrer\u00e1 no segundo semestre de 2019. O impacto financeiro do programa ser\u00e1 divulgado at\u00e9 o final de agosto e n\u00e3o altera as proje\u00e7\u00f5es\u00a0divulgadas para 2019.<\/p>\n<p>&nbsp;<\/p>\n<p>\u201cO Banco do Brasil reitera que estas e outras iniciativas se alinham ao prop\u00f3sito de ampliar a competitividade, por meio da transforma\u00e7\u00e3o digital e do dinamismo do modelo de atendimento e relacionamento\u201d, completou o fato relevante.<\/p>\n<p>&nbsp;<\/p>\n<p><em>Bras\u00edlia, 12h20min<\/em><\/p>\n","protected":false},"excerpt":{"rendered":"<p>HAMILTON FERRARI O Banco do Brasil (BB) deve oferecer incentivos que variam de R$ 20 mil a R$ 200 mil para funcion\u00e1rios que se demitirem voluntariamente. A medida faz parte do Programa de Adequa\u00e7\u00e3o de Quadro (PAQ), anunciado na manh\u00e3 desta segunda-feira (29\/7) e antecipada pelo Blog. Pelo que ficou acertado, o trabalhador com at\u00e9 [&hellip;]<\/p>\n","protected":false},"author":22,"featured_media":11451,"comment_status":"open","ping_status":"closed","sticky":false,"template":"","format":"standard","meta":{"wpb_read_more":[],"footnotes":""},"categories":[600],"tags":[2592,1373,378,4031,1396],"class_list":["post-11445","post","type-post","status-publish","format-standard","has-post-thumbnail","hentry","category-economia","tag-banco","tag-bb","tag-brasil","tag-incentivo","tag-pdv"],"_links":{"self":[{"href":"https:\/\/blogs2.correiobraziliense.com.br\/vicente\/wp-json\/wp\/v2\/posts\/11445","targetHints":{"allow":["GET"]}}],"collection":[{"href":"https:\/\/blogs2.correiobraziliense.com.br\/vicente\/wp-json\/wp\/v2\/posts"}],"about":[{"href":"https:\/\/blogs2.correiobraziliense.com.br\/vicente\/wp-json\/wp\/v2\/types\/post"}],"author":[{"embeddable":true,"href":"https:\/\/blogs2.correiobraziliense.com.br\/vicente\/wp-json\/wp\/v2\/users\/22"}],"replies":[{"embeddable":true,"href":"https:\/\/blogs2.correiobraziliense.com.br\/vicente\/wp-json\/wp\/v2\/comments?post=11445"}],"version-history":[{"count":7,"href":"https:\/\/blogs2.correiobraziliense.com.br\/vicente\/wp-json\/wp\/v2\/posts\/11445\/revisions"}],"predecessor-version":[{"id":11483,"href":"https:\/\/blogs2.correiobraziliense.com.br\/vicente\/wp-json\/wp\/v2\/posts\/11445\/revisions\/11483"}],"wp:featuredmedia":[{"embeddable":true,"href":"https:\/\/blogs2.correiobraziliense.com.br\/vicente\/wp-json\/wp\/v2\/media\/11451"}],"wp:attachment":[{"href":"https:\/\/blogs2.correiobraziliense.com.br\/vicente\/wp-json\/wp\/v2\/media?parent=11445"}],"wp:term":[{"taxonomy":"category","embeddable":true,"href":"https:\/\/blogs2.correiobraziliense.com.br\/vicente\/wp-json\/wp\/v2\/categories?post=11445"},{"taxonomy":"post_tag","embeddable":true,"href":"https:\/\/blogs2.correiobraziliense.com.br\/vicente\/wp-json\/wp\/v2\/tags?post=11445"}],"curies":[{"name":"wp","href":"https:\/\/api.w.org\/{rel}","templated":true}]}}