{"id":11453,"date":"2019-07-30T11:08:20","date_gmt":"2019-07-30T14:08:20","guid":{"rendered":"https:\/\/blogs2.correiobraziliense.com.br\/vicente\/?p=11453"},"modified":"2019-07-30T11:08:20","modified_gmt":"2019-07-30T14:08:20","slug":"planalto-de-olho-no-banco-central-por-definicao-de-juros","status":"publish","type":"post","link":"https:\/\/blogs2.correiobraziliense.com.br\/vicente\/planalto-de-olho-no-banco-central-por-definicao-de-juros\/","title":{"rendered":"Planalto de olho no Banco Central por defini\u00e7\u00e3o de juros"},"content":{"rendered":"<h2>HAMILTON FERRARI<\/h2>\n<h2><\/h2>\n<h2>Como espera uma not\u00edcia positiva na \u00e1rea econ\u00f4mica, o presidente Jair Bolsonaro tem defendido, nos bastidores, uma redu\u00e7\u00e3o mais forte da taxa Selic na pr\u00f3xima reuni\u00e3o do Comit\u00ea de Pol\u00edtica Monet\u00e1ria (Copom), que ocorre entre hoje e amanh\u00e3. Depois da aprova\u00e7\u00e3o da reforma da Previd\u00eancia no primeiro turno na C\u00e2mara e do an\u00fancio de libera\u00e7\u00e3o do saque de recursos do Fundo de Garantia do Tempo de Servi\u00e7o (FGTS), o chefe do Executivo se anima com a possibilidade de corte de 0,5 ponto percentual nos juros, levando para a m\u00ednima hist\u00f3rica.<\/h2>\n<h2><\/h2>\n<p>A decis\u00e3o cairia em boa hora, j\u00e1 que o Banco Central (BC) divulgou, na sexta, que as taxas cobradas pelos bancos no rotativo do cart\u00e3o de cr\u00e9dito e do cheque especial superaram os 300% ao ano. Os diretores da autoridade monet\u00e1ria v\u00e3o se reunir para definir o corte, dado como certo no mercado. O Planalto tem pressa para que a economia engate e quer criar uma agenda de resultados econ\u00f4micos positivos.<\/p>\n<p>&nbsp;<\/p>\n<p>Em 6,5% ao ano desde mar\u00e7o de 2018, a Selic est\u00e1 no menor patamar da hist\u00f3ria, mas ainda em n\u00edvel insuficiente para aquecer a economia. Tanto \u00e9 que o pa\u00eds deve acumular nove meses consecutivos de estagna\u00e7\u00e3o. Depois do Produto Interno Bruto (PIB) ter crescido 0,5% no terceiro trimestre no ano passado, os dois seguintes tiveram resultados desanimadores: alta de 0,1% e queda de 0,2%, respectivamente.<\/p>\n<p>&nbsp;<\/p>\n<p><strong>Desejo<\/strong><\/p>\n<p>&nbsp;<\/p>\n<p>&nbsp;<\/p>\n<p>Analistas estimam que, para o segundo trimestre deste ano, o resultado deve ser parecido. Bolsonaro se reuniu com o presidente do BC, Roberto Campos Neto, antes da divulga\u00e7\u00e3o das medidas para liberar o saque das contas ativas e inativas do FGTS. Durante o encontro, n\u00e3o tratou sobre juros, mas, para assessores, h\u00e1 uma demonstra\u00e7\u00e3o clara de que o presidente deseja poder apresentar taxas menores \u00e0 sociedade.<\/p>\n<p>&nbsp;<\/p>\n<p>O mercado est\u00e1 dividido sobre a queda dos juros, pois n\u00e3o se sabe se o que vai prevalecer \u00e9 uma postura mais conservadora, alinhada ao perfil de Campos Neto, ou mais arrojada, como deseja Bolsonaro.<\/p>\n<p>&nbsp;<\/p>\n<p>\u201cO BC precisa adotar uma postura mais conservadora, quando come\u00e7a um ciclo de queda de juros, come\u00e7ando com corte de 0,25 ponto percentual. Mas n\u00e3o \u00e9 o caso. Apesar de o presidente ser novo, o BC vem com confian\u00e7a e credibilidade herdadas da gest\u00e3o do Ilan (Goldfajn)\u201d, diz o economista-chefe da SulAm\u00e9rica Investimentos, Newton Rosa.<\/p>\n<p>&nbsp;<\/p>\n<p>O s\u00f3cio do ModalMais, \u00c1lvaro Bandeira, aposta em corte de 0,5 ponto percentual para o cen\u00e1rio atual. \u201cA diminui\u00e7\u00e3o dos juros tem efeito adicional na d\u00edvida p\u00fablica. Em junho, as taxas aumentaram o endividamento do governo em R$ 19 bilh\u00f5es. Num cen\u00e1rio que temos quase R$ 4 trilh\u00f5es em pend\u00eancias, ia ajudar a suavizar a evolu\u00e7\u00e3o do estoque\u201d, disse.<\/p>\n<p>&nbsp;<\/p>\n<p><em>Bras\u00edlia, 11h04min<\/em><\/p>\n","protected":false},"excerpt":{"rendered":"<p>HAMILTON FERRARI Como espera uma not\u00edcia positiva na \u00e1rea econ\u00f4mica, o presidente Jair Bolsonaro tem defendido, nos bastidores, uma redu\u00e7\u00e3o mais forte da taxa Selic na pr\u00f3xima reuni\u00e3o do Comit\u00ea de Pol\u00edtica Monet\u00e1ria (Copom), que ocorre entre hoje e amanh\u00e3. Depois da aprova\u00e7\u00e3o da reforma da Previd\u00eancia no primeiro turno na C\u00e2mara e do an\u00fancio [&hellip;]<\/p>\n","protected":false},"author":22,"featured_media":11454,"comment_status":"open","ping_status":"closed","sticky":false,"template":"","format":"standard","meta":{"wpb_read_more":[],"footnotes":""},"categories":[600],"tags":[3,2554,4,2731,34],"class_list":["post-11453","post","type-post","status-publish","format-standard","has-post-thumbnail","hentry","category-economia","tag-banco-central","tag-bolsonaro","tag-juros","tag-planalto","tag-selic"],"_links":{"self":[{"href":"https:\/\/blogs2.correiobraziliense.com.br\/vicente\/wp-json\/wp\/v2\/posts\/11453","targetHints":{"allow":["GET"]}}],"collection":[{"href":"https:\/\/blogs2.correiobraziliense.com.br\/vicente\/wp-json\/wp\/v2\/posts"}],"about":[{"href":"https:\/\/blogs2.correiobraziliense.com.br\/vicente\/wp-json\/wp\/v2\/types\/post"}],"author":[{"embeddable":true,"href":"https:\/\/blogs2.correiobraziliense.com.br\/vicente\/wp-json\/wp\/v2\/users\/22"}],"replies":[{"embeddable":true,"href":"https:\/\/blogs2.correiobraziliense.com.br\/vicente\/wp-json\/wp\/v2\/comments?post=11453"}],"version-history":[{"count":1,"href":"https:\/\/blogs2.correiobraziliense.com.br\/vicente\/wp-json\/wp\/v2\/posts\/11453\/revisions"}],"predecessor-version":[{"id":11455,"href":"https:\/\/blogs2.correiobraziliense.com.br\/vicente\/wp-json\/wp\/v2\/posts\/11453\/revisions\/11455"}],"wp:featuredmedia":[{"embeddable":true,"href":"https:\/\/blogs2.correiobraziliense.com.br\/vicente\/wp-json\/wp\/v2\/media\/11454"}],"wp:attachment":[{"href":"https:\/\/blogs2.correiobraziliense.com.br\/vicente\/wp-json\/wp\/v2\/media?parent=11453"}],"wp:term":[{"taxonomy":"category","embeddable":true,"href":"https:\/\/blogs2.correiobraziliense.com.br\/vicente\/wp-json\/wp\/v2\/categories?post=11453"},{"taxonomy":"post_tag","embeddable":true,"href":"https:\/\/blogs2.correiobraziliense.com.br\/vicente\/wp-json\/wp\/v2\/tags?post=11453"}],"curies":[{"name":"wp","href":"https:\/\/api.w.org\/{rel}","templated":true}]}}