{"id":11463,"date":"2019-07-30T12:51:37","date_gmt":"2019-07-30T15:51:37","guid":{"rendered":"https:\/\/blogs2.correiobraziliense.com.br\/vicente\/?p=11463"},"modified":"2019-07-30T20:57:41","modified_gmt":"2019-07-30T23:57:41","slug":"mercado-volatil-na-vespera-da-superquarta","status":"publish","type":"post","link":"https:\/\/blogs2.correiobraziliense.com.br\/vicente\/mercado-volatil-na-vespera-da-superquarta\/","title":{"rendered":"Mercado vol\u00e1til na v\u00e9spera da &#8220;superquarta&#8221;"},"content":{"rendered":"<h2><span style=\"font-weight: 400\">ROSANA HESSEL<\/span><\/h2>\n<h2><span style=\"font-weight: 400\">O mercado demonstra volatilidade na v\u00e9spera da \u201csuperquarta\u201d, que est\u00e1 marcada pelas decis\u00f5es sobre juros dos comit\u00eas de pol\u00edticas monet\u00e1ria do Brasil, o Copom, e dos Estados Unidos, o Fomc, aguardadas para amanh\u00e3. O consenso dos analistas \u00e9 que os dois bancos centrais efetuem cortes em suas respectivas taxas b\u00e1sicas.\u00a0<\/span><\/h2>\n<p>&nbsp;<\/p>\n<p>O \u00cdndice Bovespa, principal indicador da\u00a0 Bolsa de Valores de S\u00e3o Paulo (B3), abriu esta ter\u00e7a-feira (30\/07) em queda, mas acabou revertendo o tombo pouco depois das 12h, chegando a 103.523 pontos \u00e0s 12h15, com leve alta de 0,04%. Enquanto isso, o d\u00f3lar est\u00e1 se valorizando frente ao real, cotado a R$ 3,790 para a venda, valor 0,21% acima da v\u00e9spera.<\/p>\n<p>&nbsp;<\/p>\n<p><span style=\"font-weight: 400\">A taxa b\u00e1sica de juros (Selic) est\u00e1 em 6,50%, o menor patamar da hist\u00f3ria desde mar\u00e7o de 2018 e as apostas para um corte menos gradual s\u00e3o crescentes nos \u00faltimos dias. A infla\u00e7\u00e3o abaixo do centro da meta, de 4,25%, e a atividade econ\u00f4mica fraca, com previs\u00f5es est\u00e1veis do mercado em 0,82%, nesta semana em rela\u00e7\u00e3o \u00e0 anterior, nas estimativas do boletim Focus, ajudam a refor\u00e7ar a expectativa de redu\u00e7\u00e3o da Selic ap\u00f3s 11 meses de manuten\u00e7\u00e3o.<\/span><\/p>\n<p>&nbsp;<\/p>\n<p><span style=\"font-weight: 400\">Nos EUA, os juros b\u00e1sicos s\u00e3o bem mais baixos do que no Brasil: de 2,5% ao ano. Caso o Fed (Federal Reserve, BC norte-americano) opte pelo corte que vem sendo aguardado pelo mercado, ser\u00e1 a primeira redu\u00e7\u00e3o em 11 anos. Apesar de a economia norte-americana crescer bem mais que o Brasil, com alta de 2,1% no segundo trimestre deste ano, h\u00e1 uma expectativa de que a maior pot\u00eancia global sofrer\u00e1 desacelera\u00e7\u00e3o, em meio \u00e0s pol\u00eamicas do presidente Donald Trump, que vem comprometendo as contas p\u00fablicas ao conceder incentivos fiscais.<\/span><\/p>\n<p>&nbsp;<\/p>\n<p><strong>Consenso<\/strong><\/p>\n<p>&nbsp;<\/p>\n<p><span style=\"font-weight: 400\">O primeiro dia de reuni\u00e3o do Copom do Banco Central brasileiro\u00a0 come\u00e7ou \u00e0s 9h05 e, de acordo com especialistas, a tend\u00eancia o consenso do mercado \u00e9 de corte. No entanto, ainda h\u00e1 uma divis\u00e3o sobre o tamanho da redu\u00e7\u00e3o na taxa b\u00e1sica de juros. \u201cA curva de juros mostra probabilidade impl\u00edcita de 75% de chance de corte de 0,50 ponto percentual e 25% de chance de corte de 0,25 ponto percentual\u201d, comentou o diretor da Mirae Asset, Pablo Spyer. Ele est\u00e1 na exce\u00e7\u00e3o do mercado. \u201cEu acho que o BC n\u00e3o vai cortar os juros agora\u201d, disse ele, estimando uma Selic em 5,5% no fim do ano.<\/span><\/p>\n<p>&nbsp;<\/p>\n<p><span style=\"font-weight: 400\">O economista-chefe da Ativa Investimentos, Carlos Thadeu de Freitas Gomes, aposta em corte de 0,50 ponto percentual\u00a0 e em mais outros dois cortes de 0,50 pp ao longo do ano do que levaria a Selic para 5% em dezembro. \u201cO governo n\u00e3o tem muitos instrumentos para estimular a economia, que est\u00e1 muito debilitada. A infla\u00e7\u00e3o est\u00e1 controlada e \u00e9 preciso evitar que a confian\u00e7a do consumidor e da ind\u00fastria continue fraca. A queda dos juros ajudaria nesse sentido\u201d, avaliou.<\/span><\/p>\n<p>&nbsp;<\/p>\n<p>Por enquanto, as \u00faltimas declara\u00e7\u00f5es (desastrosas) do presidente Jair Bolsonaro n\u00e3o afetaram o humor do mercado. As apostas s\u00e3o de que a agenda econ\u00f4mica capitaneada pelo ministro da Economia, Paulo Guedes, o grande fiador de Bolsonaro, conseguir\u00e1 se sobressair \u00e0 agenda de costumes.\u00a0 Resta saber como o Congresso vai reagir quando o recesso acabar e os trabalhos forem retomados na C\u00e2mara e no Senado. Veremos.<\/p>\n","protected":false},"excerpt":{"rendered":"<p>ROSANA HESSEL O mercado demonstra volatilidade na v\u00e9spera da \u201csuperquarta\u201d, que est\u00e1 marcada pelas decis\u00f5es sobre juros dos comit\u00eas de pol\u00edticas monet\u00e1ria do Brasil, o Copom, e dos Estados Unidos, o Fomc, aguardadas para amanh\u00e3. O consenso dos analistas \u00e9 que os dois bancos centrais efetuem cortes em suas respectivas taxas b\u00e1sicas.\u00a0 &nbsp; O \u00cdndice [&hellip;]<\/p>\n","protected":false},"author":22,"featured_media":0,"comment_status":"open","ping_status":"closed","sticky":false,"template":"","format":"standard","meta":{"wpb_read_more":[],"footnotes":""},"categories":[600],"tags":[99,589,1103,4,4033],"class_list":["post-11463","post","type-post","status-publish","format-standard","hentry","category-economia","tag-copom","tag-economia","tag-fed","tag-juros","tag-super-quarta"],"_links":{"self":[{"href":"https:\/\/blogs2.correiobraziliense.com.br\/vicente\/wp-json\/wp\/v2\/posts\/11463","targetHints":{"allow":["GET"]}}],"collection":[{"href":"https:\/\/blogs2.correiobraziliense.com.br\/vicente\/wp-json\/wp\/v2\/posts"}],"about":[{"href":"https:\/\/blogs2.correiobraziliense.com.br\/vicente\/wp-json\/wp\/v2\/types\/post"}],"author":[{"embeddable":true,"href":"https:\/\/blogs2.correiobraziliense.com.br\/vicente\/wp-json\/wp\/v2\/users\/22"}],"replies":[{"embeddable":true,"href":"https:\/\/blogs2.correiobraziliense.com.br\/vicente\/wp-json\/wp\/v2\/comments?post=11463"}],"version-history":[{"count":2,"href":"https:\/\/blogs2.correiobraziliense.com.br\/vicente\/wp-json\/wp\/v2\/posts\/11463\/revisions"}],"predecessor-version":[{"id":11482,"href":"https:\/\/blogs2.correiobraziliense.com.br\/vicente\/wp-json\/wp\/v2\/posts\/11463\/revisions\/11482"}],"wp:attachment":[{"href":"https:\/\/blogs2.correiobraziliense.com.br\/vicente\/wp-json\/wp\/v2\/media?parent=11463"}],"wp:term":[{"taxonomy":"category","embeddable":true,"href":"https:\/\/blogs2.correiobraziliense.com.br\/vicente\/wp-json\/wp\/v2\/categories?post=11463"},{"taxonomy":"post_tag","embeddable":true,"href":"https:\/\/blogs2.correiobraziliense.com.br\/vicente\/wp-json\/wp\/v2\/tags?post=11463"}],"curies":[{"name":"wp","href":"https:\/\/api.w.org\/{rel}","templated":true}]}}