{"id":1148,"date":"2016-05-31T10:35:44","date_gmt":"2016-05-31T13:35:44","guid":{"rendered":"https:\/\/blogs2.correiobraziliense.com.br\/vicente\/?p=1148"},"modified":"2016-05-31T11:26:34","modified_gmt":"2016-05-31T14:26:34","slug":"ilan-tera-que-vender-acoes-do-itau-ainda-hoje","status":"publish","type":"post","link":"https:\/\/blogs2.correiobraziliense.com.br\/vicente\/ilan-tera-que-vender-acoes-do-itau-ainda-hoje\/","title":{"rendered":"Ilan ter\u00e1 que vender a\u00e7\u00f5es do Ita\u00fa Unibanco at\u00e9 o fim do dia de hoje"},"content":{"rendered":"<p>POR ANTONIO TEM\u00d3TEO<\/p>\n<p>&nbsp;<\/p>\n<p>Para tentar reverter o clima de constrangimento na Comiss\u00e3o de Assuntos Econ\u00f4micos (CAE) do Senado, que ainda n\u00e3o aprovou a sua indica\u00e7\u00e3o para a presid\u00eancia do Banco Central, o economista Ilan Goldfajn avisou que vender\u00e1 ainda hoje as a\u00e7\u00f5es que det\u00e9m no Ita\u00fa Unibanco. Os senadores veem a sua participa\u00e7\u00e3o no capital do banco privado como conflito de interesse, uma vez que a institui\u00e7\u00e3o \u00e9 regulamentada e fiscalizada pelo BC.<\/p>\n","protected":false},"excerpt":{"rendered":"<p>POR ANTONIO TEM\u00d3TEO &nbsp; Para tentar reverter o clima de constrangimento na Comiss\u00e3o de Assuntos Econ\u00f4micos (CAE) do Senado, que ainda n\u00e3o aprovou a sua indica\u00e7\u00e3o para a presid\u00eancia do Banco Central, o economista Ilan Goldfajn avisou que vender\u00e1 ainda hoje as a\u00e7\u00f5es que det\u00e9m no Ita\u00fa Unibanco. Os senadores veem a sua participa\u00e7\u00e3o no [&hellip;]<\/p>\n","protected":false},"author":22,"featured_media":0,"comment_status":"open","ping_status":"closed","sticky":false,"template":"","format":"standard","meta":{"wpb_read_more":[],"footnotes":""},"categories":[1],"tags":[],"class_list":["post-1148","post","type-post","status-publish","format-standard","hentry","category-sem-categoria"],"_links":{"self":[{"href":"https:\/\/blogs2.correiobraziliense.com.br\/vicente\/wp-json\/wp\/v2\/posts\/1148","targetHints":{"allow":["GET"]}}],"collection":[{"href":"https:\/\/blogs2.correiobraziliense.com.br\/vicente\/wp-json\/wp\/v2\/posts"}],"about":[{"href":"https:\/\/blogs2.correiobraziliense.com.br\/vicente\/wp-json\/wp\/v2\/types\/post"}],"author":[{"embeddable":true,"href":"https:\/\/blogs2.correiobraziliense.com.br\/vicente\/wp-json\/wp\/v2\/users\/22"}],"replies":[{"embeddable":true,"href":"https:\/\/blogs2.correiobraziliense.com.br\/vicente\/wp-json\/wp\/v2\/comments?post=1148"}],"version-history":[{"count":3,"href":"https:\/\/blogs2.correiobraziliense.com.br\/vicente\/wp-json\/wp\/v2\/posts\/1148\/revisions"}],"predecessor-version":[{"id":1151,"href":"https:\/\/blogs2.correiobraziliense.com.br\/vicente\/wp-json\/wp\/v2\/posts\/1148\/revisions\/1151"}],"wp:attachment":[{"href":"https:\/\/blogs2.correiobraziliense.com.br\/vicente\/wp-json\/wp\/v2\/media?parent=1148"}],"wp:term":[{"taxonomy":"category","embeddable":true,"href":"https:\/\/blogs2.correiobraziliense.com.br\/vicente\/wp-json\/wp\/v2\/categories?post=1148"},{"taxonomy":"post_tag","embeddable":true,"href":"https:\/\/blogs2.correiobraziliense.com.br\/vicente\/wp-json\/wp\/v2\/tags?post=1148"}],"curies":[{"name":"wp","href":"https:\/\/api.w.org\/{rel}","templated":true}]}}