{"id":11485,"date":"2019-07-31T12:06:04","date_gmt":"2019-07-31T15:06:04","guid":{"rendered":"https:\/\/blogs2.correiobraziliense.com.br\/vicente\/?p=11485"},"modified":"2019-07-31T12:06:04","modified_gmt":"2019-07-31T15:06:04","slug":"bc-esta-de-olho-nas-cobrancas-de-tarifas-de-intercambio-dos-cartoes","status":"publish","type":"post","link":"https:\/\/blogs2.correiobraziliense.com.br\/vicente\/bc-esta-de-olho-nas-cobrancas-de-tarifas-de-intercambio-dos-cartoes\/","title":{"rendered":"BC est\u00e1 de olho nas cobran\u00e7as de tarifas de interc\u00e2mbio dos cart\u00f5es"},"content":{"rendered":"<h2>HAMILTON FERRARI<\/h2>\n<h2><\/h2>\n<h2>O Banco Central (BC) tem atuado para reduzir o custos das transa\u00e7\u00f5es pagas com cart\u00f5es no pa\u00eds, mas uma pr\u00e1tica adotada no mercado tem sido alvo de avalia\u00e7\u00e3o da \u00e1rea t\u00e9cnica da autoridade monet\u00e1ria. De acordo com o presidente da Associa\u00e7\u00e3o Brasileira de Bares e Restaurantes (Abrasel), Paulo Solmucci, houve eleva\u00e7\u00e3o dos custos para os empres\u00e1rios.<\/h2>\n<p>&nbsp;<\/p>\n<p>Ou seja, na pr\u00e1tica, o valor est\u00e1 sendo repassado para os consumidores. A taxa cobrada ao lojista \u00e9 chamada de <em>Merchant Discount Rate<\/em> (MDR), com tr\u00eas tarifas: de interc\u00e2mbio, de bandeira e da credenciadora.<\/p>\n<p>&nbsp;<\/p>\n<p>A primeira representa 70% do custo total. O \u00edndice de cobran\u00e7a \u00e9 definido pelas bandeiras e a receita vai para os bancos que emitem os cart\u00f5es. O mesmo grupo econ\u00f4mico pode deter o banco emissor, a credenciadora e ainda a pr\u00f3pria bandeira. \u201c\u00c9 uma receita que vai diretamente para quem emitiu o cart\u00e3o, em 85% dos casos, 5 bancos\u201d, defendeu Solmucci.<\/p>\n<p>&nbsp;<\/p>\n<p>Ele explicou, por exemplo, que a maior parte dos cart\u00f5es com a bandeira da MasterCard s\u00e3o emitidos pelo Ita\u00fa Unibanco. O presidente da Abrasel lembrou que a MasterCard anunciou um reajuste de 40% nas tarifas. Para ele, pr\u00e1ticas como essa s\u00e3o um &#8220;desrespeito&#8221; com as autoridades, que buscam reduzir os custos e limitar as cobran\u00e7as, e com os cidad\u00e3os. \u201cElas est\u00e3o intimamente ligadas aos bancos\u201d, enfatizou.<\/p>\n<p>&nbsp;<\/p>\n<p>O presidente da Abrasel tamb\u00e9m afirmou que h\u00e1 uma engana\u00e7\u00e3o, porque bancos fazem campanha dizendo que est\u00e3o reduzindo taxas, mas \u201cenquanto diminuiu uma, sobem na outra\u201d. O Banco Central ainda tem acompanhado o movimento. A experi\u00eancia internacional mostra que tabelar a taxa de interc\u00e2mbio pode ser uma possibilidade.<\/p>\n<p>&nbsp;<\/p>\n<p>Em 2018, o BC instituiu limite para a tarifa de interc\u00e2mbio na fun\u00e7\u00e3o d\u00e9bito e ainda continua avaliando a necessidade de novas interven\u00e7\u00f5es regulat\u00f3rias. \u201cO BC acompanha de forma constante o mercado e tem trabalhado no sentido de manter uma regula\u00e7\u00e3o pr\u00f3-competi\u00e7\u00e3o\u201d, informou a autoridade monet\u00e1ria.<\/p>\n<p>&nbsp;<\/p>\n<p><strong>Cr\u00edtica<\/strong><\/p>\n<p>&nbsp;<\/p>\n<p>A maior cr\u00edtica s\u00e3o dos donos de bares e restaurantes, que entendem que s\u00e3o muito prejudicados, e est\u00e3o dispostos a gritar contra os bancos. Paulo Solmucci declarou que encaminhou uma carta para o presidente do BC, al\u00e9m do ministro da Minist\u00e9rio da Economia e do presidente do Conselho Administrativo de Defesa Econ\u00f4mica (Cade) para exigir uma postura mais incisiva para controlar os aumentos de pre\u00e7os.<\/p>\n<p>&nbsp;<\/p>\n<p>Um dos questionamentos \u00e9 o movimento de \u201cplatiniza\u00e7\u00e3o\u201d, que \u00e9 a maior oferta de cart\u00f5es gold, platinum e black no Brasil. Na pr\u00e1tica, estas classes t\u00eam tarifa de interc\u00e2mbio mais caras para os lojistas.<\/p>\n<p>&nbsp;<\/p>\n<p>Dados do Banco Central mostram que, mesmo com a crise econ\u00f4mica, os cart\u00f5es da s\u00e9rie Platinum e variados sa\u00edram de 15% em 2009 para 37% em 2017. A alta representa um avan\u00e7o de 108%.<\/p>\n<p>&nbsp;<\/p>\n<p>A cada tr\u00eas cart\u00f5es emitidos, um pertencem a alguma categoria Premium, sujeitos a uma Tarifa de Interc\u00e2mbio entre 1,5% e 2,0% sobre cada transa\u00e7\u00e3o. A porcentagem de participa\u00e7\u00e3o desses cart\u00f5es no mercado s\u00e3o incompat\u00edveis com o n\u00edvel de renda do brasileiro, que est\u00e1 longe de ser 33%.<\/p>\n<p>&nbsp;<\/p>\n<p>A Federa\u00e7\u00e3o Brasileira de Bancos (Febraban) informou que o assunto \u00e9 tratado com a Associa\u00e7\u00e3o Brasileira das Empresas de Cart\u00e3o de Cr\u00e9dito e Servi\u00e7os (Abecs), que, por sua vez, ainda n\u00e3o respondeu os questionamentos. O <strong>Blog<\/strong> aguarda posicionamento da MasterCard.<\/p>\n<p>&nbsp;<\/p>\n<p><em>Bras\u00edlia,11h58min<\/em><\/p>\n","protected":false},"excerpt":{"rendered":"<p>HAMILTON FERRARI O Banco Central (BC) tem atuado para reduzir o custos das transa\u00e7\u00f5es pagas com cart\u00f5es no pa\u00eds, mas uma pr\u00e1tica adotada no mercado tem sido alvo de avalia\u00e7\u00e3o da \u00e1rea t\u00e9cnica da autoridade monet\u00e1ria. De acordo com o presidente da Associa\u00e7\u00e3o Brasileira de Bares e Restaurantes (Abrasel), Paulo Solmucci, houve eleva\u00e7\u00e3o dos custos [&hellip;]<\/p>\n","protected":false},"author":22,"featured_media":11486,"comment_status":"open","ping_status":"closed","sticky":false,"template":"","format":"standard","meta":{"wpb_read_more":[],"footnotes":""},"categories":[600],"tags":[106,2918,4045,4044],"class_list":["post-11485","post","type-post","status-publish","format-standard","has-post-thumbnail","hentry","category-economia","tag-bc","tag-cartoes","tag-intercambio","tag-tarifa"],"_links":{"self":[{"href":"https:\/\/blogs2.correiobraziliense.com.br\/vicente\/wp-json\/wp\/v2\/posts\/11485","targetHints":{"allow":["GET"]}}],"collection":[{"href":"https:\/\/blogs2.correiobraziliense.com.br\/vicente\/wp-json\/wp\/v2\/posts"}],"about":[{"href":"https:\/\/blogs2.correiobraziliense.com.br\/vicente\/wp-json\/wp\/v2\/types\/post"}],"author":[{"embeddable":true,"href":"https:\/\/blogs2.correiobraziliense.com.br\/vicente\/wp-json\/wp\/v2\/users\/22"}],"replies":[{"embeddable":true,"href":"https:\/\/blogs2.correiobraziliense.com.br\/vicente\/wp-json\/wp\/v2\/comments?post=11485"}],"version-history":[{"count":1,"href":"https:\/\/blogs2.correiobraziliense.com.br\/vicente\/wp-json\/wp\/v2\/posts\/11485\/revisions"}],"predecessor-version":[{"id":11487,"href":"https:\/\/blogs2.correiobraziliense.com.br\/vicente\/wp-json\/wp\/v2\/posts\/11485\/revisions\/11487"}],"wp:featuredmedia":[{"embeddable":true,"href":"https:\/\/blogs2.correiobraziliense.com.br\/vicente\/wp-json\/wp\/v2\/media\/11486"}],"wp:attachment":[{"href":"https:\/\/blogs2.correiobraziliense.com.br\/vicente\/wp-json\/wp\/v2\/media?parent=11485"}],"wp:term":[{"taxonomy":"category","embeddable":true,"href":"https:\/\/blogs2.correiobraziliense.com.br\/vicente\/wp-json\/wp\/v2\/categories?post=11485"},{"taxonomy":"post_tag","embeddable":true,"href":"https:\/\/blogs2.correiobraziliense.com.br\/vicente\/wp-json\/wp\/v2\/tags?post=11485"}],"curies":[{"name":"wp","href":"https:\/\/api.w.org\/{rel}","templated":true}]}}