{"id":11497,"date":"2019-07-31T18:14:00","date_gmt":"2019-07-31T21:14:00","guid":{"rendered":"https:\/\/blogs2.correiobraziliense.com.br\/vicente\/?p=11497"},"modified":"2019-07-31T21:58:20","modified_gmt":"2019-08-01T00:58:20","slug":"bc-corta-a-selic-para-6-ao-ano-e-taxa-se-torna-a-menor-da-historia","status":"publish","type":"post","link":"https:\/\/blogs2.correiobraziliense.com.br\/vicente\/bc-corta-a-selic-para-6-ao-ano-e-taxa-se-torna-a-menor-da-historia\/","title":{"rendered":"BC corta Selic para 6% ao ano e taxa se torna a menor da hist\u00f3ria"},"content":{"rendered":"<h2>HAMILTON FERRARI<\/h2>\n<h2><\/h2>\n<h2>O Banco Central (BC) decidiu, na noite desta quarta-feira (31\/7), reduzir a taxa Selic, por unanimidade, em 0,5 ponto percentual, levando os juros a cair de 6,5% ao ano para 6% anuais. A diretoria do Comit\u00ea de Pol\u00edtica Monet\u00e1ria (Copom) atendeu aos pedidos do Pal\u00e1cio do Planalto e de parte do mercado e fez um corte mais intenso nos juros.<\/h2>\n<p>&nbsp;<\/p>\n<p>Economistas estavam divididos em rela\u00e7\u00e3o \u00e0 diminui\u00e7\u00e3o do \u00edndice, que poderia ser entre 0,25 ponto percentual ou 0,5 ponto percentual. Como o presidente do Banco Central (BC), Roberto Campos Neto, assumiu o cargo em fevereiro deste ano, sem ainda ter anunciado qualquer tipo de mudan\u00e7a na Selic, parte dos analistas entendiam que ele teria um movimento de maior cautela.<\/p>\n<p>&nbsp;<\/p>\n<p>N\u00e3o foi o que ocorreu. O pr\u00f3prio presidente da Rep\u00fablica, Jair Bolsonaro, disse, na manh\u00e3 desta quarta, que \u201cn\u00e3o \u00e9 Dilmo\u201d, mas que espera uma redu\u00e7\u00e3o da Selic. \u201cEstou torcendo apenas para que caia a taxa de juros. Cada 1% da taxa Selic s\u00e3o R$ 40 bilh\u00f5es a mais que a gente gasta por ano. A gente torce, p\u00f4. Eu n\u00e3o vou influenciar l\u00e1, eu n\u00e3o sou o Dilmo de cal\u00e7as compridas\u201d disse, na entrada do Pal\u00e1cio do Alvorada<\/p>\n<p>&nbsp;<\/p>\n<p>O Blog j\u00e1 havia mostrado que o <a href=\"https:\/\/blogs2.correiobraziliense.com.br\/vicente\/planalto-de-olho-no-banco-central-por-definicao-de-juros\/\">presidente estava de olho no movimento da autoridade monet\u00e1ria<\/a>. Economistas tamb\u00e9m acreditam que n\u00e3o havia porque o Banco Central manter uma postura conservadora, j\u00e1 que as estimativas para a infla\u00e7\u00e3o est\u00e3o ancoradas em n\u00edveis menores do que da meta de 4,25% para 2019 e de 4% para 2020.<\/p>\n<p>&nbsp;<\/p>\n<p>O BC havia sinalizado que o cen\u00e1rio de aprova\u00e7\u00e3o das reformas era preponderante para corte da Selic. Al\u00e9m disso, o cen\u00e1rio externo ainda gerava d\u00favidas para a evolu\u00e7\u00e3o das taxas de juros nos pa\u00edses desenvolvidos. A infla\u00e7\u00e3o, por\u00e9m, j\u00e1 embicava para n\u00edveis mais controlados.<\/p>\n<p>&nbsp;<\/p>\n<p>O avan\u00e7o da reforma da Previd\u00eancia com largo placar no primeiro turno da C\u00e2mara e o cen\u00e1rio mais positivos para o corte de juros nos pa\u00edses ricos, inclusive nos Estados Unidos (EUA), al\u00e9m do desempenho fraco da infla\u00e7\u00e3o, que est\u00e1 em 3,27% no acumulado do ano at\u00e9 junho, deram sinais de que o corte na Selic poderia ser maior.<\/p>\n<p>&nbsp;<\/p>\n<p><strong>Comunicado<\/strong><\/p>\n<p>&nbsp;<\/p>\n<p>Na nota publicada no site, o Copom informou que os indicadores recentes da atividade econ\u00f4mica sugerem possibilidade de retomada do processo de recupera\u00e7\u00e3o da economia brasileira, mas em ritmo gradual.<\/p>\n<p>&nbsp;<\/p>\n<p>&#8220;O cen\u00e1rio externo mostra-se benigno, em decorr\u00eancia das mudan\u00e7as de pol\u00edtica monet\u00e1ria nas principais economias. Entretanto, os riscos associados a uma desacelera\u00e7\u00e3o da economia global permanecem. O\u00a0Comit\u00ea avalia que diversas medidas de infla\u00e7\u00e3o subjacente encontram-se em n\u00edveis confort\u00e1veis, inclusive os componentes mais sens\u00edveis ao ciclo econ\u00f4mico e \u00e0 pol\u00edtica monet\u00e1ria&#8221;, citou a autoridade monet\u00e1ria.<\/p>\n<p>&nbsp;<\/p>\n<p>No cen\u00e1rio com trajet\u00f3rias para as taxas de juros e c\u00e2mbio extra\u00eddas da pesquisa Focus, as proje\u00e7\u00f5es do Copom situam-se em torno de 3,6% para 2019 e 3,9% para 2020.<\/p>\n<p>&nbsp;<\/p>\n<p>&#8220;Considerando o cen\u00e1rio b\u00e1sico, o balan\u00e7o de riscos e o amplo conjunto de informa\u00e7\u00f5es dispon\u00edveis, o Copom decidiu, por unanimidade, pela redu\u00e7\u00e3o da taxa b\u00e1sica de juros para 6,00% a.a. O Comit\u00ea entende que essa decis\u00e3o reflete seu cen\u00e1rio b\u00e1sico e balan\u00e7o de riscos para a infla\u00e7\u00e3o prospectiva e \u00e9 compat\u00edvel com a converg\u00eancia da infla\u00e7\u00e3o para a meta no horizonte relevante para a condu\u00e7\u00e3o da pol\u00edtica monet\u00e1ria, que inclui o ano-calend\u00e1rio de 2020&#8221;, informou o Copom.<\/p>\n<p>&nbsp;<\/p>\n<p>A diretoria do BC ponderou, por\u00e9m, que h\u00e1 necessidade de continuidade no processo de reformas e ajustes necess\u00e1rios na economia brasileira. O Copom entende que houve avan\u00e7o, mas que o andamento ainda \u00e9 &#8220;essencial para a queda da taxa de juros estrutural e para a recupera\u00e7\u00e3o sustent\u00e1vel da economia&#8221;.<\/p>\n<p>&nbsp;<\/p>\n<p><strong>Hist\u00f3rico da taxa Selic (ao ano)<\/strong><br \/>\nAgo\/16 (14,25%)<br \/>\nSet\/16 (14%)<br \/>\nNov\/16 (13,75%)<br \/>\nJan\/17 (13%)<br \/>\nFev\/17 (12,25%)<br \/>\nAbr\/17 (11,25%)<br \/>\nMai\/17 (10,25%)<br \/>\nJul\/17 (9,25%)<br \/>\nSet\/17 (8,25%)<br \/>\nOut\/17 (7,5%)<br \/>\nDez\/17 (7%)<br \/>\nFev\/18 (6,75%)<br \/>\nMar\/18 (6,5%)<br \/>\nJul\/19 (6%)<br \/>\nDez\/19* (5,50%)<br \/>\nDez\/20* (5,55%)<\/p>\n<p>*Proje\u00e7\u00f5es do Boletim Focus<\/p>\n<p>Bras\u00edlia, 18h12min<\/p>\n","protected":false},"excerpt":{"rendered":"<p>HAMILTON FERRARI O Banco Central (BC) decidiu, na noite desta quarta-feira (31\/7), reduzir a taxa Selic, por unanimidade, em 0,5 ponto percentual, levando os juros a cair de 6,5% ao ano para 6% anuais. A diretoria do Comit\u00ea de Pol\u00edtica Monet\u00e1ria (Copom) atendeu aos pedidos do Pal\u00e1cio do Planalto e de parte do mercado e [&hellip;]<\/p>\n","protected":false},"author":22,"featured_media":11505,"comment_status":"open","ping_status":"closed","sticky":false,"template":"","format":"standard","meta":{"wpb_read_more":[],"footnotes":""},"categories":[600],"tags":[106,4,34,2836],"class_list":["post-11497","post","type-post","status-publish","format-standard","has-post-thumbnail","hentry","category-economia","tag-bc","tag-juros","tag-selic","tag-taxa"],"_links":{"self":[{"href":"https:\/\/blogs2.correiobraziliense.com.br\/vicente\/wp-json\/wp\/v2\/posts\/11497","targetHints":{"allow":["GET"]}}],"collection":[{"href":"https:\/\/blogs2.correiobraziliense.com.br\/vicente\/wp-json\/wp\/v2\/posts"}],"about":[{"href":"https:\/\/blogs2.correiobraziliense.com.br\/vicente\/wp-json\/wp\/v2\/types\/post"}],"author":[{"embeddable":true,"href":"https:\/\/blogs2.correiobraziliense.com.br\/vicente\/wp-json\/wp\/v2\/users\/22"}],"replies":[{"embeddable":true,"href":"https:\/\/blogs2.correiobraziliense.com.br\/vicente\/wp-json\/wp\/v2\/comments?post=11497"}],"version-history":[{"count":4,"href":"https:\/\/blogs2.correiobraziliense.com.br\/vicente\/wp-json\/wp\/v2\/posts\/11497\/revisions"}],"predecessor-version":[{"id":11502,"href":"https:\/\/blogs2.correiobraziliense.com.br\/vicente\/wp-json\/wp\/v2\/posts\/11497\/revisions\/11502"}],"wp:featuredmedia":[{"embeddable":true,"href":"https:\/\/blogs2.correiobraziliense.com.br\/vicente\/wp-json\/wp\/v2\/media\/11505"}],"wp:attachment":[{"href":"https:\/\/blogs2.correiobraziliense.com.br\/vicente\/wp-json\/wp\/v2\/media?parent=11497"}],"wp:term":[{"taxonomy":"category","embeddable":true,"href":"https:\/\/blogs2.correiobraziliense.com.br\/vicente\/wp-json\/wp\/v2\/categories?post=11497"},{"taxonomy":"post_tag","embeddable":true,"href":"https:\/\/blogs2.correiobraziliense.com.br\/vicente\/wp-json\/wp\/v2\/tags?post=11497"}],"curies":[{"name":"wp","href":"https:\/\/api.w.org\/{rel}","templated":true}]}}