{"id":11534,"date":"2019-08-05T17:33:29","date_gmt":"2019-08-05T20:33:29","guid":{"rendered":"https:\/\/blogs2.correiobraziliense.com.br\/vicente\/?p=11534"},"modified":"2019-08-05T17:41:12","modified_gmt":"2019-08-05T20:41:12","slug":"governo-prepara-detalhes-finais-para-regulamentar-reestruturacao-da-presidencia-da-republica","status":"publish","type":"post","link":"https:\/\/blogs2.correiobraziliense.com.br\/vicente\/governo-prepara-detalhes-finais-para-regulamentar-reestruturacao-da-presidencia-da-republica\/","title":{"rendered":"Governo ajusta detalhes finais para regulamentar reestrutura\u00e7\u00e3o da Presid\u00eancia da Rep\u00fablica"},"content":{"rendered":"<p>RODOLFO COSTA<\/p>\n<p>O governo deve publicar at\u00e9 quarta-feira o decreto que regulamentar\u00e1 a nova estrutura dos \u00f3rg\u00e3os da Presid\u00eancia da Rep\u00fablica. O dispositivo vai estabelecer o organograma de algumas das mudan\u00e7as previstas na Medida Provis\u00f3ria (MP) 886, que transferiu, por exemplo, a articula\u00e7\u00e3o pol\u00edtica da Casa Civil para a Secretaria de Governo. O instrumento, que \u00e9 de responsabilidade do Executivo federal, est\u00e1 por alguns detalhes.<\/p>\n<p>&nbsp;<\/p>\n<p>A MP disp\u00f5e sobre a organiza\u00e7\u00e3o b\u00e1sica dos \u00f3rg\u00e3os, em uma \u00f3tica mais &#8220;macro&#8221; da estrutura do governo. Mas ser\u00e1 o decreto o respons\u00e1vel por esmiu\u00e7ar e estabelecer o organograma. O texto vai regulamentar mudan\u00e7as como a transfer\u00eancia da subchefia de Assuntos Parlamentares (Supar), at\u00e9 ent\u00e3o na Casa Civil, para a Secretaria de Governo, no nome de Secretaria Especial de Assuntos Parlamentares (Separ). A titularidade deve permanecer sob a responsabilidade de Luiz Fernando Botelho de Carvalho.<\/p>\n<p>&nbsp;<\/p>\n<p>O decreto regulamentar\u00e1, ainda, a transfer\u00eancia da subchefia para Assuntos Jur\u00eddicos, at\u00e9 ent\u00e3o na Casa Civil, para a Secretaria-Geral, sem altera\u00e7\u00e3o de nome. Outra mudan\u00e7a ser\u00e1 a migra\u00e7\u00e3o da\u00a0Secretaria Especial do Programa de Parcerias de Investimentos (PPI), da Secretaria de Governo, para a Casa Civil, tamb\u00e9m sem altera\u00e7\u00e3o na nomenclatura.<\/p>\n<p>&nbsp;<\/p>\n<p>A Separ ser\u00e1 a respons\u00e1vel por por auxiliar o ministro-chefe da pasta, Luiz Eduardo Ramos, na articula\u00e7\u00e3o pol\u00edtica com o Congresso. A secretaria especial funcionar\u00e1 como uma assessoria parlamentar e Botelho, o titular, deve participar das reuni\u00f5es com l\u00edderes partid\u00e1rios. Outra medida prevista pelo decreto \u00e9 a reestrutura\u00e7\u00e3o da\u00a0Secretaria Especial de Rela\u00e7\u00f5es Institucionais (Seri) da Secretaria de Governo, que, como o Correio <strong><a href=\"https:\/\/www.correiobraziliense.com.br\/app\/noticia\/politica\/2019\/08\/05\/interna_politica,775508\/previdencia-secretario-de-governo-assume-redea-de-negociacao-com-cong.shtml\">antecipou<\/a><\/strong> nesta segunda-feira (5\/8), ser\u00e1 chefiada por\u00a0Abel Ferreira Leite Neto.<\/p>\n<p>&nbsp;<\/p>\n<p><strong>Articula\u00e7\u00e3o<\/strong><\/p>\n<p>At\u00e9 ent\u00e3o, a Seri cuidava da operacionaliza\u00e7\u00e3o das emendas parlamentares impositivas, ou seja, as que o governo \u00e9 obrigado a executar. Agora, ela ter\u00e1 um &#8220;upgrade&#8221;. Manter\u00e1 o trabalho que vinha sendo feito, mas, tamb\u00e9m, ser\u00e1 a encarregada de operacionalizar os cargos para apadrinhamento de aliados e as emendas n\u00e3o-impositivas, as emendas de bancadas estaduais.<\/p>\n<p>&nbsp;<\/p>\n<p>Atualmente, o governo n\u00e3o \u00e9 obrigado a executar as emendas n\u00e3o-impositivas. S\u00e3o verbas utilizadas pela articula\u00e7\u00e3o pol\u00edtica do governo. Mas passar\u00e1 a ser, a partir de 2020, caso seja aprovada no Congresso a Proposta de Emenda \u00e0 Constitui\u00e7\u00e3o (PEC) 34\/2019. O texto foi aprovado na C\u00e2mara em junho e precisa ser chancelado pelo Senado.<\/p>\n<p>&nbsp;<\/p>\n<p>&nbsp;<\/p>\n<p>&nbsp;<\/p>\n","protected":false},"excerpt":{"rendered":"<p>RODOLFO COSTA O governo deve publicar at\u00e9 quarta-feira o decreto que regulamentar\u00e1 a nova estrutura dos \u00f3rg\u00e3os da Presid\u00eancia da Rep\u00fablica. O dispositivo vai estabelecer o organograma de algumas das mudan\u00e7as previstas na Medida Provis\u00f3ria (MP) 886, que transferiu, por exemplo, a articula\u00e7\u00e3o pol\u00edtica da Casa Civil para a Secretaria de Governo. O instrumento, que [&hellip;]<\/p>\n","protected":false},"author":22,"featured_media":11536,"comment_status":"open","ping_status":"closed","sticky":false,"template":"","format":"standard","meta":{"wpb_read_more":[],"footnotes":""},"categories":[600],"tags":[4055,2371,4057,2382,4056,846,3989,295,3999],"class_list":["post-11534","post","type-post","status-publish","format-standard","has-post-thumbnail","hentry","category-economia","tag-4055","tag-decreto","tag-estrutura","tag-mp","tag-organograma","tag-presidencia-da-republica","tag-ramos","tag-reestruturacao","tag-secretaria-de-governo"],"_links":{"self":[{"href":"https:\/\/blogs2.correiobraziliense.com.br\/vicente\/wp-json\/wp\/v2\/posts\/11534","targetHints":{"allow":["GET"]}}],"collection":[{"href":"https:\/\/blogs2.correiobraziliense.com.br\/vicente\/wp-json\/wp\/v2\/posts"}],"about":[{"href":"https:\/\/blogs2.correiobraziliense.com.br\/vicente\/wp-json\/wp\/v2\/types\/post"}],"author":[{"embeddable":true,"href":"https:\/\/blogs2.correiobraziliense.com.br\/vicente\/wp-json\/wp\/v2\/users\/22"}],"replies":[{"embeddable":true,"href":"https:\/\/blogs2.correiobraziliense.com.br\/vicente\/wp-json\/wp\/v2\/comments?post=11534"}],"version-history":[{"count":3,"href":"https:\/\/blogs2.correiobraziliense.com.br\/vicente\/wp-json\/wp\/v2\/posts\/11534\/revisions"}],"predecessor-version":[{"id":11538,"href":"https:\/\/blogs2.correiobraziliense.com.br\/vicente\/wp-json\/wp\/v2\/posts\/11534\/revisions\/11538"}],"wp:featuredmedia":[{"embeddable":true,"href":"https:\/\/blogs2.correiobraziliense.com.br\/vicente\/wp-json\/wp\/v2\/media\/11536"}],"wp:attachment":[{"href":"https:\/\/blogs2.correiobraziliense.com.br\/vicente\/wp-json\/wp\/v2\/media?parent=11534"}],"wp:term":[{"taxonomy":"category","embeddable":true,"href":"https:\/\/blogs2.correiobraziliense.com.br\/vicente\/wp-json\/wp\/v2\/categories?post=11534"},{"taxonomy":"post_tag","embeddable":true,"href":"https:\/\/blogs2.correiobraziliense.com.br\/vicente\/wp-json\/wp\/v2\/tags?post=11534"}],"curies":[{"name":"wp","href":"https:\/\/api.w.org\/{rel}","templated":true}]}}