{"id":11551,"date":"2019-08-06T20:08:52","date_gmt":"2019-08-06T23:08:52","guid":{"rendered":"https:\/\/blogs2.correiobraziliense.com.br\/vicente\/?p=11551"},"modified":"2019-08-06T20:11:39","modified_gmt":"2019-08-06T23:11:39","slug":"governo-ira-remanejar-recursos-no-orcamento-e-nao-enviar-um-novo-pln-para-honrar-emendas","status":"publish","type":"post","link":"https:\/\/blogs2.correiobraziliense.com.br\/vicente\/governo-ira-remanejar-recursos-no-orcamento-e-nao-enviar-um-novo-pln-para-honrar-emendas\/","title":{"rendered":"Governo ir\u00e1 remanejar recursos no Or\u00e7amento, e n\u00e3o enviar um novo PLN para honrar emendas"},"content":{"rendered":"<p>RODOLFO COSTA<\/p>\n<p>O governo n\u00e3o vai enviar um novo Projeto de Lei ao Congresso Nacional (PLN) solicitando um cr\u00e9dito suplementar. A mensagem de encaminhamento ao Congresso em que o Executivo solicita, nesta ter\u00e7a-feira (6\/8), cr\u00e9dito no valor de R$ 3,04 bilh\u00f5es, \u00e9 um comunicado. Os recursos n\u00e3o vir\u00e3o de uma nova proposta, mas, sim, de um remanejamento no Or\u00e7amento da Uni\u00e3o. A informa\u00e7\u00e3o foi confirmada ao <strong>Blog<\/strong> por um articulador governista.<\/p>\n<p>&nbsp;<\/p>\n<p>A informa\u00e7\u00e3o havia sido <strong><a href=\"https:\/\/www.correiobraziliense.com.br\/app\/noticia\/politica\/2019\/08\/05\/interna_politica,775508\/previdencia-secretario-de-governo-assume-redea-de-negociacao-com-cong.shtml\">antecipada<\/a><\/strong> pelo <strong>Correio<\/strong> na\u00a0segunda-feira (5\/8). O ministro-chefe da Secretaria de Governo considera o envio de um novo PLN uma &#8220;desmoraliza\u00e7\u00e3o&#8221;. O governo admite que s\u00e3o necess\u00e1rios recursos para honrar compromissos referentes \u00e0 libera\u00e7\u00e3o de emendas parlamentares, mas isso n\u00e3o ser\u00e1 feito por meio de um novo cr\u00e9dito suplementar, com emiss\u00e3o de t\u00edtulos.<\/p>\n<p>&nbsp;<\/p>\n<p>As verbas vir\u00e3o do or\u00e7amento contingenciado pelo governo ap\u00f3s a aprova\u00e7\u00e3o do PLN 4, aprovado no in\u00edcio de junho, que autorizou a abertura de cr\u00e9dito suplementar de\u00a0R$ 248,9 bilh\u00f5es. &#8220;Daquele PLN, o governo contingenciou uma parte e alguma coisa foi necess\u00e1ria remanejar. O pagamento das emendas s\u00f3 pode ser quitado pelo remanejamento&#8221;, explicou ao <strong>Blog<\/strong> um interlocutor de Ramos.<\/p>\n<p>&nbsp;<\/p>\n<p>O ministro conversou sobre o assunto com o ministro da Economia, Paulo Guedes, ainda na segunda-feira. Junto com o chefe da equipe econ\u00f4mica, o articulador pol\u00edtico do governo definiu que n\u00e3o teria um novo PLN. &#8220;A reuni\u00e3o de ontem verificou-se apenas a necessidade de remanejamento de recursos para honrar com compromissos n\u00e3o apenas referentes \u00e0s emendas, mas, tamb\u00e9m, a pol\u00edticas p\u00fablicas de habita\u00e7\u00e3o. Tem muito projeto do Minha Casa, Minha Vida que houve a necessidade de remanejar&#8221;, acrescentou o interlocutor.<\/p>\n<p>&nbsp;<\/p>\n<p><strong>Articula\u00e7\u00e3o<\/strong><\/p>\n<p>A articula\u00e7\u00e3o pol\u00edtica vem sendo bem conduzida. Diferentemente de algumas informa\u00e7\u00f5es que sugerem que o ministro estaria atropelando o ministro-chefe da Casa Civil, Onyx Lorenzoni, no Planalto, assessores elogiam Ramos ao <strong>Blog<\/strong>. Nesta ter\u00e7a-feira (6\/8), ele se reuniu com o titular da Secretaria Especial de Rela\u00e7\u00f5es Governamentais da Casa Civil, Giacomo Trento, homem de confian\u00e7a de Onyx. &#8220;A rela\u00e7\u00e3o dos dois vem sendo de muita cordialidade e respeito&#8221;, afirmou uma fonte palaciana.<\/p>\n<p>&nbsp;<\/p>\n<p>No Congresso, a admira\u00e7\u00e3o \u00e9 a mesma. Depois da reuni\u00e3o com Giacomo, Ramos se encontrou com o presidente do Senado, Davi Alcolumbre (DEM-AP), e com o presidente da C\u00e2mara, Rodrigo Maia (DEM-RJ). &#8220;As conversas est\u00e3o se encaminhando. Est\u00e3o trocando figurinhas&#8221;, comentou um parlamentar pr\u00f3ximo dos demistas.\u00a0O bom relacionamento est\u00e1 prevalecendo e, da parte do ministro, \u00e9 rec\u00edproco.<\/p>\n","protected":false},"excerpt":{"rendered":"<p>RODOLFO COSTA O governo n\u00e3o vai enviar um novo Projeto de Lei ao Congresso Nacional (PLN) solicitando um cr\u00e9dito suplementar. A mensagem de encaminhamento ao Congresso em que o Executivo solicita, nesta ter\u00e7a-feira (6\/8), cr\u00e9dito no valor de R$ 3,04 bilh\u00f5es, \u00e9 um comunicado. Os recursos n\u00e3o vir\u00e3o de uma nova proposta, mas, sim, de [&hellip;]<\/p>\n","protected":false},"author":22,"featured_media":11536,"comment_status":"open","ping_status":"closed","sticky":false,"template":"","format":"standard","meta":{"wpb_read_more":[],"footnotes":""},"categories":[600],"tags":[1302,254,103,1223,3988,2522,4059,3989,3999,4058],"class_list":["post-11551","post","type-post","status-publish","format-standard","has-post-thumbnail","hentry","category-economia","tag-casa-civil","tag-congresso","tag-credito","tag-emendas","tag-luiz-eduardo-ramos","tag-parlamentares","tag-pln","tag-ramos","tag-secretaria-de-governo","tag-suplementar"],"_links":{"self":[{"href":"https:\/\/blogs2.correiobraziliense.com.br\/vicente\/wp-json\/wp\/v2\/posts\/11551","targetHints":{"allow":["GET"]}}],"collection":[{"href":"https:\/\/blogs2.correiobraziliense.com.br\/vicente\/wp-json\/wp\/v2\/posts"}],"about":[{"href":"https:\/\/blogs2.correiobraziliense.com.br\/vicente\/wp-json\/wp\/v2\/types\/post"}],"author":[{"embeddable":true,"href":"https:\/\/blogs2.correiobraziliense.com.br\/vicente\/wp-json\/wp\/v2\/users\/22"}],"replies":[{"embeddable":true,"href":"https:\/\/blogs2.correiobraziliense.com.br\/vicente\/wp-json\/wp\/v2\/comments?post=11551"}],"version-history":[{"count":2,"href":"https:\/\/blogs2.correiobraziliense.com.br\/vicente\/wp-json\/wp\/v2\/posts\/11551\/revisions"}],"predecessor-version":[{"id":11553,"href":"https:\/\/blogs2.correiobraziliense.com.br\/vicente\/wp-json\/wp\/v2\/posts\/11551\/revisions\/11553"}],"wp:featuredmedia":[{"embeddable":true,"href":"https:\/\/blogs2.correiobraziliense.com.br\/vicente\/wp-json\/wp\/v2\/media\/11536"}],"wp:attachment":[{"href":"https:\/\/blogs2.correiobraziliense.com.br\/vicente\/wp-json\/wp\/v2\/media?parent=11551"}],"wp:term":[{"taxonomy":"category","embeddable":true,"href":"https:\/\/blogs2.correiobraziliense.com.br\/vicente\/wp-json\/wp\/v2\/categories?post=11551"},{"taxonomy":"post_tag","embeddable":true,"href":"https:\/\/blogs2.correiobraziliense.com.br\/vicente\/wp-json\/wp\/v2\/tags?post=11551"}],"curies":[{"name":"wp","href":"https:\/\/api.w.org\/{rel}","templated":true}]}}