{"id":11554,"date":"2019-08-07T11:05:50","date_gmt":"2019-08-07T14:05:50","guid":{"rendered":"https:\/\/blogs2.correiobraziliense.com.br\/vicente\/?p=11554"},"modified":"2019-08-07T12:26:49","modified_gmt":"2019-08-07T15:26:49","slug":"governo-nao-pedira-novo-credito-suplementar-mas-encaminhara-pln-para-remanejar-recursos","status":"publish","type":"post","link":"https:\/\/blogs2.correiobraziliense.com.br\/vicente\/governo-nao-pedira-novo-credito-suplementar-mas-encaminhara-pln-para-remanejar-recursos\/","title":{"rendered":"Governo n\u00e3o pedir\u00e1 novo cr\u00e9dito suplementar, mas encaminhar\u00e1 PLN para remanejar recursos"},"content":{"rendered":"<p>RODOLFO COSTA<\/p>\n<p>O governo vai honrar com o pagamento de emendas parlamentares remanejando recursos do Or\u00e7amento e n\u00e3o solicitando a abertura de um novo cr\u00e9dito suplementar. Mas, diferentemente do que o <strong>Blog <a href=\"https:\/\/blogs2.correiobraziliense.com.br\/vicente\/governo-ira-remanejar-recursos-no-orcamento-e-nao-enviar-um-novo-pln-para-honrar-emendas\/\">informou<\/a><\/strong> na ter\u00e7a-feira (6\/8), haver\u00e1, sim, a necessidade de aprova\u00e7\u00e3o de um Projeto de Lei do Congresso Nacional (PLN). \u00c9 o que informou nesta quarta-feira (7\/8) ao <strong>Blog<\/strong> um interlocutor do subchefe de Assuntos Jur\u00eddicos (SAJ) e ministro-chefe da Secretaria Geral, Jorge Oliveira. Dos R$ 3 bilh\u00f5es comunicados ontem ao Congresso, cerca de R$ 2 bilh\u00f5es ser\u00e3o destinados \u00e0 libera\u00e7\u00e3o dos recursos n\u00e3o-impositivos.<\/p>\n<p>&nbsp;<\/p>\n<p>O PLN \u00e9 a sigla para Projeto de Lei do Congresso Nacional, nome que a Constitui\u00e7\u00e3o d\u00e1 aos projetos de lei da lei or\u00e7ament\u00e1ria e dos projetos que a modifiquem. O nome vem do rito que a Constitui\u00e7\u00e3o estabelece para a aprova\u00e7\u00e3o desta esp\u00e9cie de proposi\u00e7\u00e3o legislativa. Primeiro se aprova na Comiss\u00e3o Mista de Planos, Or\u00e7amentos P\u00fablicos e Fiscaliza\u00e7\u00e3o (CMO), depois no Plen\u00e1rio do Congresso. &#8220;E sim, para um remanejamento de recursos no or\u00e7amento, \u00e9 preciso um PLN, pois, para mudar as despesas atualmente previstas na lei or\u00e7ament\u00e1ria, \u00e9 preciso uma modifica\u00e7\u00e3o nesta lei, o que s\u00f3 pode ser feito por outra lei, obviamente&#8221;, explicou o interlocutor.<\/p>\n<p>&nbsp;<\/p>\n<p>A alus\u00e3o \u00e0s emendas \u00e9 porque cada despesa corresponde a uma fonte de receita, emenda a fonte palaciana. &#8220;As fontes da maior parte deste remanejamento proposto no PLN \u00e9 de emendas de bancada (R$ 2 bilh\u00f5es) que estavam suportando outras despesas. Os remanejamentos das despesas financiadas por emendas de bancada sempre s\u00e3o feitas por meio de pedido dos seus autores&#8221;, destacou.<\/p>\n<p>&nbsp;<\/p>\n<p>O remanejamento \u00e9 o nome usual que se d\u00e1 para a suplementa\u00e7\u00e3o de um programa or\u00e7ament\u00e1ria mediante o cancelamento de outro programa or\u00e7ament\u00e1rio, o que s\u00f3 pode ser feito por meio de lei, salvo algumas exce\u00e7\u00f5es que a Constitui\u00e7\u00e3o e a Lei Or\u00e7ament\u00e1ria Anual (LOA) excepcionam, onde as altera\u00e7\u00f5es podem ser feitas pelo Executivo, mediante delega\u00e7\u00e3o na LOA.<\/p>\n<p>&nbsp;<\/p>\n<p>O PLN, assim, \u00e9 o projeto de lei que visa abrir cr\u00e9dito adicional ao or\u00e7amento. &#8220;Cr\u00e9dito adicional \u00e9 g\u00eanero, do qual o cr\u00e9dito suplementar \u00e9 esp\u00e9cie. E cr\u00e9dito suplementar \u00e9 aquele destinado ao refor\u00e7o de dota\u00e7\u00f5es insuficientemente previstas na LOA&#8221;, acrescentou. Outra esp\u00e9cie de cr\u00e9dito adicional, por exemplo, \u00e9 o cr\u00e9dito especial, que cria uma dota\u00e7\u00e3o n\u00e3o precisa na LOA &#8211; por exemplo, um programa ou despesa criado ao longo do exerc\u00edcio financeiro.<\/p>\n","protected":false},"excerpt":{"rendered":"<p>RODOLFO COSTA O governo vai honrar com o pagamento de emendas parlamentares remanejando recursos do Or\u00e7amento e n\u00e3o solicitando a abertura de um novo cr\u00e9dito suplementar. Mas, diferentemente do que o Blog informou na ter\u00e7a-feira (6\/8), haver\u00e1, sim, a necessidade de aprova\u00e7\u00e3o de um Projeto de Lei do Congresso Nacional (PLN). \u00c9 o que informou [&hellip;]<\/p>\n","protected":false},"author":22,"featured_media":11559,"comment_status":"open","ping_status":"closed","sticky":false,"template":"","format":"standard","meta":{"wpb_read_more":[],"footnotes":""},"categories":[600],"tags":[3919,1223,3921,4062,4059,4060,4061],"class_list":["post-11554","post","type-post","status-publish","format-standard","has-post-thumbnail","hentry","category-economia","tag-credito-suplementar","tag-emendas","tag-emendas-parlamentares","tag-jorge-oliveira","tag-pln","tag-saj","tag-secretaria-geral"],"_links":{"self":[{"href":"https:\/\/blogs2.correiobraziliense.com.br\/vicente\/wp-json\/wp\/v2\/posts\/11554","targetHints":{"allow":["GET"]}}],"collection":[{"href":"https:\/\/blogs2.correiobraziliense.com.br\/vicente\/wp-json\/wp\/v2\/posts"}],"about":[{"href":"https:\/\/blogs2.correiobraziliense.com.br\/vicente\/wp-json\/wp\/v2\/types\/post"}],"author":[{"embeddable":true,"href":"https:\/\/blogs2.correiobraziliense.com.br\/vicente\/wp-json\/wp\/v2\/users\/22"}],"replies":[{"embeddable":true,"href":"https:\/\/blogs2.correiobraziliense.com.br\/vicente\/wp-json\/wp\/v2\/comments?post=11554"}],"version-history":[{"count":4,"href":"https:\/\/blogs2.correiobraziliense.com.br\/vicente\/wp-json\/wp\/v2\/posts\/11554\/revisions"}],"predecessor-version":[{"id":11558,"href":"https:\/\/blogs2.correiobraziliense.com.br\/vicente\/wp-json\/wp\/v2\/posts\/11554\/revisions\/11558"}],"wp:featuredmedia":[{"embeddable":true,"href":"https:\/\/blogs2.correiobraziliense.com.br\/vicente\/wp-json\/wp\/v2\/media\/11559"}],"wp:attachment":[{"href":"https:\/\/blogs2.correiobraziliense.com.br\/vicente\/wp-json\/wp\/v2\/media?parent=11554"}],"wp:term":[{"taxonomy":"category","embeddable":true,"href":"https:\/\/blogs2.correiobraziliense.com.br\/vicente\/wp-json\/wp\/v2\/categories?post=11554"},{"taxonomy":"post_tag","embeddable":true,"href":"https:\/\/blogs2.correiobraziliense.com.br\/vicente\/wp-json\/wp\/v2\/tags?post=11554"}],"curies":[{"name":"wp","href":"https:\/\/api.w.org\/{rel}","templated":true}]}}