{"id":11570,"date":"2019-08-08T17:25:24","date_gmt":"2019-08-08T20:25:24","guid":{"rendered":"https:\/\/blogs2.correiobraziliense.com.br\/vicente\/?p=11570"},"modified":"2019-08-08T17:31:45","modified_gmt":"2019-08-08T20:31:45","slug":"mesmo-sob-fritura-augusto-aras-pode-vencer-disputa-pela-pgr-mas-paulo-gonet-ganha-forca","status":"publish","type":"post","link":"https:\/\/blogs2.correiobraziliense.com.br\/vicente\/mesmo-sob-fritura-augusto-aras-pode-vencer-disputa-pela-pgr-mas-paulo-gonet-ganha-forca\/","title":{"rendered":"Mesmo sob fritura, Augusto Aras pode vencer disputa pela PGR, mas Paulo Gonet ganha for\u00e7a"},"content":{"rendered":"<p>RODOLFO COSTA<\/p>\n<p>O subprocurador-geral Augusto Aras pode acabar sobrevivendo \u00e0 fritura e ser indicado \u00e0 Procuradoria-Geral da Rep\u00fablica (PGR). Mesmo sendo bombardeado internamente por\u00a0procuradores e subprocuradores defensores da lista tr\u00edplice, e externamente, por <strong><a href=\"https:\/\/www.correiobraziliense.com.br\/app\/noticia\/politica\/2019\/08\/08\/interna_politica,776002\/lobby-e-fritura-pelas-proximas-150-horas-ate-a-escolha-do-novo-pgr.shtml\">apoiadores<\/a><\/strong> fi\u00e9is do presidente Jair Bolsonaro, ele ainda pode sagrar-se &#8220;vencedor&#8221; da disputa.<\/p>\n<p>&nbsp;<\/p>\n<p>Apoiadores de Bolsonaro questionam Aras por declara\u00e7\u00f5es passadas, de teses alinhadas com a esquerda. Para eles, o passado recente do subprocurador, de ideias antag\u00f4nicas aos valores pol\u00edticos que prega Bolsonaro, n\u00e3o o credenciam ao posto m\u00e1ximo da PGR. Mas n\u00e3o \u00e9 o que o presidente da Rep\u00fablica <strong><a href=\"https:\/\/www.correiobraziliense.com.br\/app\/noticia\/politica\/2019\/08\/08\/interna_politica,776106\/pgr-com-5-nomes-em-analise-bolsonaro-busca-por-perfil-conservador.shtml\">sinaliza<\/a><\/strong>.<\/p>\n<p>&nbsp;<\/p>\n<p>A amigos, assessores e aliados pr\u00f3ximos, Bolsonaro tem defendido &#8220;olhar pra frente, e n\u00e3o para tr\u00e1s&#8221;. \u00c9 o que afirma ao <strong>Blog<\/strong> a deputada federal Bia Kicis (PSL-DF), vice-l\u00edder do governo no Congresso e procuradora de carreira do Distrito Federal. &#8220;A preocupa\u00e7\u00e3o do presidente \u00e9 com o comprometimento atual. Ele diz: &#8216;olho pra frente, n\u00e3o para tr\u00e1s'&#8221;, explicou.<\/p>\n<p>&nbsp;<\/p>\n<p><strong>Op\u00e7\u00e3o<\/strong><\/p>\n<p>Mas Bolsonaro ainda est\u00e1 avaliando. Kicis admite que Aras est\u00e1 em conversas mais adiantadas com o presidente, mas ela explica que o martelo n\u00e3o est\u00e1 batido. Inclusive, em reuni\u00e3o com ele nesta quinta-feira (8\/8), sugeriu o subprocurador-geral Paulo Gonet, nome que chegou a ser defendido pelo presidente do Supremo Tribunal Federal (STF), Dias Toffoli.<\/p>\n<p>&nbsp;<\/p>\n<p>O perfil de Gonet agradou Bolsonaro. &#8220;Ele comunga dos valores defendidos pelo presidente. \u00c9 discreto, conservador, crist\u00e3o, e n\u00e3o aprova o ativismo do Minist\u00e9rio P\u00fablico. Tem boa aceita\u00e7\u00e3o&#8221;, sustentou Kicis. Apesar de o chefe do Executivo federal ter gostado da sugest\u00e3o, a parlamentar reconhece que ele desponta atr\u00e1s na disputa. &#8220;Gostou muito dele, assim como, tamb\u00e9m, gostou de outros nomes sugeridos&#8221;, explicou.<\/p>\n<p>&nbsp;<\/p>\n<p><strong>Apoio<\/strong><\/p>\n<p>Se depender do apoio dos eleitores, Gonet tem boas chances. No mesmo movimento de apoiadores nas redes sociais contr\u00e1rios a Aras, muitos sugeriram o nome do procurador regional Ailton Benedito.\u00a0&#8220;Ailton n\u00e3o se colocou como candidato, mas apoia o Paulo&#8221;, declarou a deputada ao <strong>Blog<\/strong>.<\/p>\n<p>&nbsp;<\/p>\n<p>No Twitter, Benedito publicou uma reportagem sobre o encontro entre Kicis e Bolsonaro nesta manh\u00e3, com a presen\u00e7a de Gonet. Na rede social, o procurador comentou sobre a disputa pela PGR. &#8220;N\u00e3o\u00a0h\u00e1 ningu\u00e9m perfeito para assumir o cargo de Procurador-Geral da Rep\u00fablica. Perfei\u00e7\u00e3o humana n\u00e3o existe. Certeza h\u00e1 de que se trata do cargo mais importante a ser provido pelo presidente da Rep\u00fablica nos pr\u00f3ximos anos. PGR tem poder para destruir politicamente um governo&#8221;, ponderou. O procurador foi\u00a0indicado por Bolsonaro a integrar a Comiss\u00e3o de Mortos e Desaparecidos Pol\u00edticos, mas foi vetado pelo Conselho Superior do Minist\u00e9rio P\u00fablico Federal.<\/p>\n<p>&nbsp;<\/p>\n<p><strong>Chances<\/strong><\/p>\n<p>As chances de Gonet, no entanto, podem ser maiores em rela\u00e7\u00e3o a outras sugest\u00f5es. Afinal, ele \u00e9 um subprocurador. Bolsonaro tamb\u00e9m avalia os procuradores regionais Lauro Cardoso, capit\u00e3o da reserva que fez curso de for\u00e7as especiais, e Vladimir Aras, primo do subprocurador Augusto Aras.<\/p>\n<p>&nbsp;<\/p>\n<p>N\u00e3o h\u00e1 impeditivos legais que tirem a prerrogativa de Bolsonaro indicar \u00e0 PGR um procurador. Entretanto, n\u00e3o \u00e9 algo que ele deve fazer, admite Kicis. &#8220;Existe a possibilidade, mas \u00e9 algo que pode gerar desconforto com o STF e para a pr\u00f3pria categoria&#8221;, alertou.<\/p>\n","protected":false},"excerpt":{"rendered":"<p>RODOLFO COSTA O subprocurador-geral Augusto Aras pode acabar sobrevivendo \u00e0 fritura e ser indicado \u00e0 Procuradoria-Geral da Rep\u00fablica (PGR). Mesmo sendo bombardeado internamente por\u00a0procuradores e subprocuradores defensores da lista tr\u00edplice, e externamente, por apoiadores fi\u00e9is do presidente Jair Bolsonaro, ele ainda pode sagrar-se &#8220;vencedor&#8221; da disputa. &nbsp; Apoiadores de Bolsonaro questionam Aras por declara\u00e7\u00f5es passadas, [&hellip;]<\/p>\n","protected":false},"author":22,"featured_media":11571,"comment_status":"open","ping_status":"closed","sticky":false,"template":"","format":"standard","meta":{"wpb_read_more":[],"footnotes":""},"categories":[600],"tags":[4069,4063,4067,4066,2554,4070,191,4068],"class_list":["post-11570","post","type-post","status-publish","format-standard","has-post-thumbnail","hentry","category-economia","tag-ailton-benedito","tag-aras","tag-augusto-aras","tag-bia-kicis","tag-bolsonaro","tag-paulo-gonet","tag-pgr","tag-vladimir-aras"],"_links":{"self":[{"href":"https:\/\/blogs2.correiobraziliense.com.br\/vicente\/wp-json\/wp\/v2\/posts\/11570","targetHints":{"allow":["GET"]}}],"collection":[{"href":"https:\/\/blogs2.correiobraziliense.com.br\/vicente\/wp-json\/wp\/v2\/posts"}],"about":[{"href":"https:\/\/blogs2.correiobraziliense.com.br\/vicente\/wp-json\/wp\/v2\/types\/post"}],"author":[{"embeddable":true,"href":"https:\/\/blogs2.correiobraziliense.com.br\/vicente\/wp-json\/wp\/v2\/users\/22"}],"replies":[{"embeddable":true,"href":"https:\/\/blogs2.correiobraziliense.com.br\/vicente\/wp-json\/wp\/v2\/comments?post=11570"}],"version-history":[{"count":5,"href":"https:\/\/blogs2.correiobraziliense.com.br\/vicente\/wp-json\/wp\/v2\/posts\/11570\/revisions"}],"predecessor-version":[{"id":11576,"href":"https:\/\/blogs2.correiobraziliense.com.br\/vicente\/wp-json\/wp\/v2\/posts\/11570\/revisions\/11576"}],"wp:featuredmedia":[{"embeddable":true,"href":"https:\/\/blogs2.correiobraziliense.com.br\/vicente\/wp-json\/wp\/v2\/media\/11571"}],"wp:attachment":[{"href":"https:\/\/blogs2.correiobraziliense.com.br\/vicente\/wp-json\/wp\/v2\/media?parent=11570"}],"wp:term":[{"taxonomy":"category","embeddable":true,"href":"https:\/\/blogs2.correiobraziliense.com.br\/vicente\/wp-json\/wp\/v2\/categories?post=11570"},{"taxonomy":"post_tag","embeddable":true,"href":"https:\/\/blogs2.correiobraziliense.com.br\/vicente\/wp-json\/wp\/v2\/tags?post=11570"}],"curies":[{"name":"wp","href":"https:\/\/api.w.org\/{rel}","templated":true}]}}