{"id":11625,"date":"2019-08-21T20:25:12","date_gmt":"2019-08-21T23:25:12","guid":{"rendered":"https:\/\/blogs2.correiobraziliense.com.br\/vicente\/?p=11625"},"modified":"2019-08-21T20:39:44","modified_gmt":"2019-08-21T23:39:44","slug":"ebc-sera-incluida-em-fase-de-estudos-no-ppi-na-proxima-reuniao","status":"publish","type":"post","link":"https:\/\/blogs2.correiobraziliense.com.br\/vicente\/ebc-sera-incluida-em-fase-de-estudos-no-ppi-na-proxima-reuniao\/","title":{"rendered":"EBC ser\u00e1 inclu\u00edda em fase de estudos no PPI na pr\u00f3xima reuni\u00e3o"},"content":{"rendered":"<p><span style=\"font-weight: 400\">RODOLFO COSTA<\/span><\/p>\n<p><span style=\"font-weight: 400\">A Empresa Brasil de Comunica\u00e7\u00e3o (EBC) n\u00e3o foi inclu\u00edda nesta 10\u00aa reuni\u00e3o do do Conselho do Programa de Parcerias de Investimentos (CPPI), mas ser\u00e1 inserida na carteira do Programa de Parcerias de Investimentos (PPI) na 11\u00aa reuni\u00e3o. \u00c9 o que afirma ao <\/span><b>Blog<\/b><span style=\"font-weight: 400\"> o ministro-chefe da Secretaria de Governo, Luiz Eduardo Ramos. A pasta ainda conclui uma fase inicial preliminar de an\u00e1lises. Somente ap\u00f3s conclu\u00edda esta etapa pr\u00e9via, a estatal ser\u00e1 formalmente introduzida em fase de estudos, a exemplo dos Correios.\u00a0<\/span><\/p>\n<p>&nbsp;<\/p>\n<p><span style=\"font-weight: 400\">Al\u00e9m da etapa preliminar, a inten\u00e7\u00e3o da Secretaria de Governo \u00e9 n\u00e3o pular etapas em respeito ao atual diretor-presidente da EBC, Luiz Carlos Pereira Gomes. General do Ex\u00e9rcito, ele assumiu oficialmente o comando da estatal na segunda-feira, ap\u00f3s publica\u00e7\u00e3o de decreto no Di\u00e1rio Oficial da Uni\u00e3o. Em informativo interno aos comunicadores e demais trabalhadores, ele alertou de antem\u00e3o que a empresa vai passar por um \u201cplano de transforma\u00e7\u00e3o\u201d.\u00a0<\/span><\/p>\n<p>&nbsp;<\/p>\n<p><span style=\"font-weight: 400\">O an\u00fancio foi interpretado pelos empregados p\u00fablicos da EBC como um aviso do processo de desestatiza\u00e7\u00e3o pelo qual a estatal vai passar em breve. E n\u00e3o est\u00e3o equivocados. A empresa n\u00e3o ficar\u00e1 de fora do PPI. O processo, no entanto, ser\u00e1 feito com muita responsabilidade e transpar\u00eancia, destacou Ramos. \u201cEstamos terminando a fase inicial preliminar para iniciar a fase de estudos. Ficou acertado em concord\u00e2ncia com os ministros Paulo Guedes (da Economia) e o Onyx (Lorenzoni, da Casa Civil) n\u00e3o incluir nesta reuni\u00e3o, at\u00e9 em respeito ao novo diretor-presidente\u201d, afirmou.<\/span><\/p>\n<p>&nbsp;<\/p>\n<p><b>Detalhes<\/b><\/p>\n<p><span style=\"font-weight: 400\">A ordem \u00e9 n\u00e3o atropelar as avalia\u00e7\u00f5es internas e possibilitar que Pereira Gomes tenha tempo para promover as melhores an\u00e1lises sobre o processo e desencadear os estudos preliminares no processo normal. \u201cEle tem consci\u00eancia que a EBC ser\u00e1 inclu\u00edda no PPI, mas no devido tempo\u201d, explicou Ramos. Afinal, s\u00e3o muitos detalhes a serem avaliados antes de inserir a estatal no programa, ainda que sob fase de estudos.\u00a0<\/span><\/p>\n<p>&nbsp;<\/p>\n<p><span style=\"font-weight: 400\">A EBC conta, hoje, com a Contribui\u00e7\u00e3o de Fomento para a Radiodifus\u00e3o P\u00fablica (CFRP). A estatal custeia 60% do or\u00e7amento somente com a aplica\u00e7\u00e3o financeira do fundo, que det\u00e9m cerca de R$ 3 bilh\u00f5es. S\u00e3o esses detalhes que est\u00e3o sob an\u00e1lise pr\u00e9via, se o governo vai abrir m\u00e3o dessa contribui\u00e7\u00e3o no processo de desestatiza\u00e7\u00e3o, qual ser\u00e1 o modelo de privatiza\u00e7\u00e3o previsto, bem como o futuro dos funcion\u00e1rios. Outra avalia\u00e7\u00e3o relevante diz respeito a assuntos estrat\u00e9gicos da empresa, como o parque de transmiss\u00e3o, o maior da Am\u00e9rica Latina. <\/span><\/p>\n","protected":false},"excerpt":{"rendered":"<p>RODOLFO COSTA A Empresa Brasil de Comunica\u00e7\u00e3o (EBC) n\u00e3o foi inclu\u00edda nesta 10\u00aa reuni\u00e3o do do Conselho do Programa de Parcerias de Investimentos (CPPI), mas ser\u00e1 inserida na carteira do Programa de Parcerias de Investimentos (PPI) na 11\u00aa reuni\u00e3o. \u00c9 o que afirma ao Blog o ministro-chefe da Secretaria de Governo, Luiz Eduardo Ramos. A [&hellip;]<\/p>\n","protected":false},"author":22,"featured_media":11536,"comment_status":"open","ping_status":"closed","sticky":false,"template":"","format":"standard","meta":{"wpb_read_more":[],"footnotes":""},"categories":[600],"tags":[4088,2630,467,4089,540,3989],"class_list":["post-11625","post","type-post","status-publish","format-standard","has-post-thumbnail","hentry","category-economia","tag-desestatizacao","tag-ebc","tag-governo","tag-ppi","tag-privatizacao","tag-ramos"],"_links":{"self":[{"href":"https:\/\/blogs2.correiobraziliense.com.br\/vicente\/wp-json\/wp\/v2\/posts\/11625","targetHints":{"allow":["GET"]}}],"collection":[{"href":"https:\/\/blogs2.correiobraziliense.com.br\/vicente\/wp-json\/wp\/v2\/posts"}],"about":[{"href":"https:\/\/blogs2.correiobraziliense.com.br\/vicente\/wp-json\/wp\/v2\/types\/post"}],"author":[{"embeddable":true,"href":"https:\/\/blogs2.correiobraziliense.com.br\/vicente\/wp-json\/wp\/v2\/users\/22"}],"replies":[{"embeddable":true,"href":"https:\/\/blogs2.correiobraziliense.com.br\/vicente\/wp-json\/wp\/v2\/comments?post=11625"}],"version-history":[{"count":3,"href":"https:\/\/blogs2.correiobraziliense.com.br\/vicente\/wp-json\/wp\/v2\/posts\/11625\/revisions"}],"predecessor-version":[{"id":11628,"href":"https:\/\/blogs2.correiobraziliense.com.br\/vicente\/wp-json\/wp\/v2\/posts\/11625\/revisions\/11628"}],"wp:featuredmedia":[{"embeddable":true,"href":"https:\/\/blogs2.correiobraziliense.com.br\/vicente\/wp-json\/wp\/v2\/media\/11536"}],"wp:attachment":[{"href":"https:\/\/blogs2.correiobraziliense.com.br\/vicente\/wp-json\/wp\/v2\/media?parent=11625"}],"wp:term":[{"taxonomy":"category","embeddable":true,"href":"https:\/\/blogs2.correiobraziliense.com.br\/vicente\/wp-json\/wp\/v2\/categories?post=11625"},{"taxonomy":"post_tag","embeddable":true,"href":"https:\/\/blogs2.correiobraziliense.com.br\/vicente\/wp-json\/wp\/v2\/tags?post=11625"}],"curies":[{"name":"wp","href":"https:\/\/api.w.org\/{rel}","templated":true}]}}