{"id":11662,"date":"2019-08-26T10:23:15","date_gmt":"2019-08-26T13:23:15","guid":{"rendered":"https:\/\/blogs2.correiobraziliense.com.br\/vicente\/?p=11662"},"modified":"2019-08-26T10:27:06","modified_gmt":"2019-08-26T13:27:06","slug":"mercado-reduz-projecoes-do-pib-e-da-inflacao-de-acordo-com-bc","status":"publish","type":"post","link":"https:\/\/blogs2.correiobraziliense.com.br\/vicente\/mercado-reduz-projecoes-do-pib-e-da-inflacao-de-acordo-com-bc\/","title":{"rendered":"Mercado reduz proje\u00e7\u00f5es do PIB e da infla\u00e7\u00e3o, de acordo com BC"},"content":{"rendered":"<h2>AUGUSTO FERNANDES<\/h2>\n<h2><\/h2>\n<h2>Na semana em que o Instituto Brasileiro de Geografia e Estat\u00edstica (IBGE) divulgar\u00e1 os resultados do Produto Interno Bruto (PIB) do pa\u00eds do segundo trimestre do ano, o mercado voltou a dar sinais de preocupa\u00e7\u00e3o com a recupera\u00e7\u00e3o da economia neste ano. Conforme dados divulgados nesta segunda-feira (26\/08) no boletim Focus, do Banco Central (BC), a mediana das estimativas dos analistas para o PIB de 2019 recuou de 0,83% para 0,80%. As proje\u00e7\u00f5es para a infla\u00e7\u00e3o deste ano tamb\u00e9m ca\u00edram em meio \u00e0 desacelera\u00e7\u00e3o da atividade.<\/h2>\n<p>&nbsp;<\/p>\n<p>O Focus \u00e9 um relat\u00f3rio semanal divulgado pelo BC que cont\u00e9m as perspectivas de economistas e de institui\u00e7\u00f5es financeiras consultadas pela autoridade monet\u00e1rio. O mercado financeiro tamb\u00e9m reduziu a proje\u00e7\u00e3o de crescimento do PIB para 2020. De acordo com o levantamento, passou para 2,10% no ano que vem. H\u00e1 uma semana, essa estimativa era de 2,20%.<\/p>\n<p>&nbsp;<\/p>\n<p>A previs\u00e3o para o \u00cdndice Nacional de Pre\u00e7os ao Consumidor Amplo (IPCA) do 19, indicador oficial que mede a infla\u00e7\u00e3o dom\u00e9stica, foi reduzido pela terceira semana seguida. Segundo o Boletim Focus, a carestia diminuiu, passando de 3,71% para 3,65%. Para 2020, a previs\u00e3o do IPCA foi revisada de 3,90% para 3,85%.<\/p>\n<p>&nbsp;<\/p>\n<p>A mediana da previs\u00e3o para o d\u00f3lar no fim deste ano subiu, passando de R$ 3,78 para R$ 3,80 e, no pr\u00f3ximo ano, a expectativa ficou est\u00e1vel em R$ 3,81.<\/p>\n<p>&nbsp;<\/p>\n<p>Um indicador que se manteve inalterado foi o da expectativa para a taxa b\u00e1sica de juros (Selic) para este ano, que ficou em 5%. Para 2020, diferente da semana passada, o Focus reduziu a proje\u00e7\u00e3o de 5,50% para 5,25%. Atualmente, a Selic est\u00e1 no piso hist\u00f3rico de 6%.<\/p>\n","protected":false},"excerpt":{"rendered":"<p>AUGUSTO FERNANDES Na semana em que o Instituto Brasileiro de Geografia e Estat\u00edstica (IBGE) divulgar\u00e1 os resultados do Produto Interno Bruto (PIB) do pa\u00eds do segundo trimestre do ano, o mercado voltou a dar sinais de preocupa\u00e7\u00e3o com a recupera\u00e7\u00e3o da economia neste ano. Conforme dados divulgados nesta segunda-feira (26\/08) no boletim Focus, do Banco [&hellip;]<\/p>\n","protected":false},"author":22,"featured_media":0,"comment_status":"open","ping_status":"closed","sticky":false,"template":"","format":"standard","meta":{"wpb_read_more":[],"footnotes":""},"categories":[600],"tags":[3,4098,14,1213,58],"class_list":["post-11662","post","type-post","status-publish","format-standard","hentry","category-economia","tag-banco-central","tag-focus","tag-inflacao","tag-ipca","tag-pib"],"_links":{"self":[{"href":"https:\/\/blogs2.correiobraziliense.com.br\/vicente\/wp-json\/wp\/v2\/posts\/11662","targetHints":{"allow":["GET"]}}],"collection":[{"href":"https:\/\/blogs2.correiobraziliense.com.br\/vicente\/wp-json\/wp\/v2\/posts"}],"about":[{"href":"https:\/\/blogs2.correiobraziliense.com.br\/vicente\/wp-json\/wp\/v2\/types\/post"}],"author":[{"embeddable":true,"href":"https:\/\/blogs2.correiobraziliense.com.br\/vicente\/wp-json\/wp\/v2\/users\/22"}],"replies":[{"embeddable":true,"href":"https:\/\/blogs2.correiobraziliense.com.br\/vicente\/wp-json\/wp\/v2\/comments?post=11662"}],"version-history":[{"count":2,"href":"https:\/\/blogs2.correiobraziliense.com.br\/vicente\/wp-json\/wp\/v2\/posts\/11662\/revisions"}],"predecessor-version":[{"id":11665,"href":"https:\/\/blogs2.correiobraziliense.com.br\/vicente\/wp-json\/wp\/v2\/posts\/11662\/revisions\/11665"}],"wp:attachment":[{"href":"https:\/\/blogs2.correiobraziliense.com.br\/vicente\/wp-json\/wp\/v2\/media?parent=11662"}],"wp:term":[{"taxonomy":"category","embeddable":true,"href":"https:\/\/blogs2.correiobraziliense.com.br\/vicente\/wp-json\/wp\/v2\/categories?post=11662"},{"taxonomy":"post_tag","embeddable":true,"href":"https:\/\/blogs2.correiobraziliense.com.br\/vicente\/wp-json\/wp\/v2\/tags?post=11662"}],"curies":[{"name":"wp","href":"https:\/\/api.w.org\/{rel}","templated":true}]}}