{"id":117,"date":"2015-06-25T00:01:00","date_gmt":"2015-06-25T03:01:00","guid":{"rendered":"https:\/\/blogs2.correiobraziliense.com.br\/vicente\/chega_de_promessas\/"},"modified":"2015-06-25T00:01:00","modified_gmt":"2015-06-25T03:01:00","slug":"chega_de_promessas","status":"publish","type":"post","link":"https:\/\/blogs2.correiobraziliense.com.br\/vicente\/chega_de_promessas\/","title":{"rendered":"CHEGA DE PROMESSAS"},"content":{"rendered":"\n<p>O ministro da Fazenda, Joaquim Levy, deve preparar os ouvidos, pois os  economistas que ele convidou para uma conversa hoje v\u00e3o tra\u00e7ar um quadro  desanimador para o pa\u00eds e, sobretudo, refor\u00e7ar a desconfian\u00e7a sobre a  real capacidade do governo de cumprir, neste ano, a meta de superavit  prim\u00e1rio de 1,1% do Produto Interno Bruto (PIB). Como contrapartida, os  convidados esperam que o anfitri\u00e3o confirme a inten\u00e7\u00e3o do governo de  definir uma meta menor de infla\u00e7\u00e3o para 2017, que dever\u00e1 ser anunciada  pouco depois do encontro pelo Conselho Monet\u00e1rio Nacional (CMN). <\/p>\n<p>Est\u00e3o  na mesa do governo \u2014 e dependem do aval da presidente Dilma Rousseff \u2014  duas propostas. Na primeira, o governo reduziria de 4,5% para 4,25% o  objetivo a ser perseguido pelo Banco Central. Na segunda, a op\u00e7\u00e3o \u00e9 pela  diminui\u00e7\u00e3o do intervalo da banda da meta, hoje de dois pontos  percentuais para cima ou para baixo. A defesa \u00e9 para que essa oscila\u00e7\u00e3o  seja de 1,5 ponto. O mercado v\u00ea nessa decis\u00e3o, independentemente da  proposta que prevalecer\u00e1, um forte compromisso do Pal\u00e1cio do Planalto de  derrubar a carestia que, pelas contas do BC, fechar\u00e1 este ano em 9%, o  dobro do definido pelo CMN. <\/p>\n<p>O discurso dos economistas ser\u00e1  claro: a recess\u00e3o se aprofundou e, apesar de o governo insistir que o  ritmo da atividade vai se recuperar ainda no fim deste ano, os n\u00fameros  indicam que, na melhor das hip\u00f3teses, os primeiros respiros s\u00f3  aparecer\u00e3o no fim de 2016. O maior problema da economia hoje \u00e9 a falta  de confian\u00e7a. Nem os empres\u00e1rios nem os consumidores veem luz no fim do  t\u00fanel. Acreditam que os erros cometidos por Dilma nos \u00faltimos quatro  anos n\u00e3o ser\u00e3o revertidos na velocidade necess\u00e1ria para botar o pa\u00eds de  p\u00e9. <\/p>\n<p>Na vis\u00e3o dos especialistas, o governo precisa fazer mais, em  especial, melhorar a comunica\u00e7\u00e3o e as rela\u00e7\u00f5es com o Congresso. A  percep\u00e7\u00e3o que se tem hoje \u00e9 de que Dilma est\u00e1 de joelhos, e o governo,  acuado. Muitos economistas acusam o Planalto de improvisos, sinalizando  para os investidores que o pa\u00eds est\u00e1 sem comando. Nada do que a  presidente diz \u00e9 levado a s\u00e9rio. Os donos do dinheiro preferem se apegar  \u00e0s promessas de Levy como forma de verem um caminho al\u00e9m do atoleiro no  qual todos est\u00e3o metidos. <\/p>\n<p>O pessimismo \u00e9 tamanho entre os  economistas, que h\u00e1 quem fale em queda de 3% a 4% do PIB neste ano se as  empreiteiras pegas surrupiando dinheiro da Petrobras quebrarem. Em  relatos ouvidos pelos analistas que acompanham o dia a dia dessas  empresas, a situa\u00e7\u00e3o \u00e9 dram\u00e1tica: as demiss\u00f5es se acentuaram nas \u00faltimas  semanas, obras est\u00e3o paradas e o fluxo de caixa est\u00e1 negativo. O risco  de quebradeira \u00e9 real. Por isso, o Planalto tem defendido, com  veem\u00eancia, que as atividades das construtoras investigadas pela Opera\u00e7\u00e3o  Lava-Jato sejam desvinculadas dos erros cometidos por seus donos e  diretores. <\/p>\n<p>Os economistas tamb\u00e9m pretendem deixar claro que n\u00e3o  veem problemas se o governo assumir, publicamente, a redu\u00e7\u00e3o da meta de  superavit prim\u00e1rio, diante do tombo da atividade, que fez a arrecada\u00e7\u00e3o  minguar. Mas a meta a ser definida, de 0,6% ou 0,8% do PIB, deve ser  seguida \u00e0 risca, sem manobras. Eles ressaltam, por\u00e9m, que, nos pr\u00f3ximos  anos, a Fazenda deve se esfor\u00e7ar para fazer a maior economia poss\u00edvel  para pagamento de juros, de forma que a rela\u00e7\u00e3o entre a d\u00edvida p\u00fablica e  o PIB caia e o risco de rebaixamento do pa\u00eds seja afastado de vez. As  quest\u00f5es fiscais n\u00e3o podem mais ser motivos de tantos sobressaltos. <\/p>\n<p>Est\u00f4mago forte <\/p>\n<p>Do  lado de Levy, o objetivo da conversa com os economistas \u00e9 tra\u00e7ar um  quadro menos negativo da economia, mostrar que o governo est\u00e1 fazendo  tudo o que est\u00e1 em seu alcance para resgatar a confian\u00e7a de empres\u00e1rios,  que v\u00eam travando os investimentos, e de consumidores. Na vis\u00e3o do  ministro, o ajuste fiscal est\u00e1 bem encaminhado, ainda que algumas  medidas, como a redu\u00e7\u00e3o das desonera\u00e7\u00f5es sobre a folha de sal\u00e1rios das  empresas, estejam dependentes da boa vontade do Congresso. O governo  est\u00e1 efetivamente cortando gastos, mas \u00e9 preciso que novas fontes de  receita ajudem a engordar os cofres do Tesouro Nacional. <\/p>\n<p>Para o  ministro, est\u00e1 na hora de o mercado dar um voto de confian\u00e7a ao governo,  inclusive ao BC, que tem feito um esfor\u00e7o herc\u00faleo para levar a  infla\u00e7\u00e3o ao centro da meta, de 4,5%, at\u00e9 o fim de 2016. Levy acredita  que os investidores v\u00e3o se surpreender a partir do segundo trimestre do  pr\u00f3ximo ano, quando o pa\u00eds voltar\u00e1 a conviver com o custo de vida  girando entre 0,3% e 0,4% ao m\u00eas, n\u00fameros compat\u00edveis com o objetivo  definido pelo CMN. <\/p>\n<p>Segundo interlocutores do ministro, no  encontro de hoje, ele estar\u00e1 muito mais propenso a ouvir do que a falar.  Acredita que esse contato direto com os analistas \u00e9 importante para  minimizar ru\u00eddos e criar um quadro mais positivo para o pa\u00eds. Resta  saber se ter\u00e1 est\u00f4mago para tantos n\u00fameros ruins, inclusive do  desemprego, que est\u00e1 claramente flertando com os 10%. <\/p>\n<p>\u201cA  expectativa em torno do encontro com Levy \u00e9 grande\u201d, diz um dos  economistas convidados pelo ministro. \u201cMas que a conversa seja  proveitosa, sem promessas que n\u00e3o podem ser cumpridas. O mercado quer  fatos concretos. N\u00e3o h\u00e1 espa\u00e7o para votos de confian\u00e7a a um governo que  cometeu tantos erros e levou o pa\u00eds para o buraco\u201d, ressalta. <\/p>\n<p>Bras\u00edlia, 00h01min   <\/p>\n","protected":false},"excerpt":{"rendered":"<p>O ministro da Fazenda, Joaquim Levy, deve preparar os ouvidos, pois os economistas que ele convidou para uma conversa hoje v\u00e3o tra\u00e7ar um quadro desanimador para o pa\u00eds e, sobretudo, refor\u00e7ar a desconfian\u00e7a sobre a real capacidade do governo de cumprir, neste ano, a meta de superavit prim\u00e1rio de 1,1% do Produto Interno Bruto (PIB). [&hellip;]<\/p>\n","protected":false},"author":22,"featured_media":0,"comment_status":"open","ping_status":"open","sticky":false,"template":"","format":"standard","meta":{"wpb_read_more":[],"footnotes":""},"categories":[1],"tags":[],"class_list":["post-117","post","type-post","status-publish","format-standard","hentry","category-sem-categoria"],"_links":{"self":[{"href":"https:\/\/blogs2.correiobraziliense.com.br\/vicente\/wp-json\/wp\/v2\/posts\/117","targetHints":{"allow":["GET"]}}],"collection":[{"href":"https:\/\/blogs2.correiobraziliense.com.br\/vicente\/wp-json\/wp\/v2\/posts"}],"about":[{"href":"https:\/\/blogs2.correiobraziliense.com.br\/vicente\/wp-json\/wp\/v2\/types\/post"}],"author":[{"embeddable":true,"href":"https:\/\/blogs2.correiobraziliense.com.br\/vicente\/wp-json\/wp\/v2\/users\/22"}],"replies":[{"embeddable":true,"href":"https:\/\/blogs2.correiobraziliense.com.br\/vicente\/wp-json\/wp\/v2\/comments?post=117"}],"version-history":[{"count":0,"href":"https:\/\/blogs2.correiobraziliense.com.br\/vicente\/wp-json\/wp\/v2\/posts\/117\/revisions"}],"wp:attachment":[{"href":"https:\/\/blogs2.correiobraziliense.com.br\/vicente\/wp-json\/wp\/v2\/media?parent=117"}],"wp:term":[{"taxonomy":"category","embeddable":true,"href":"https:\/\/blogs2.correiobraziliense.com.br\/vicente\/wp-json\/wp\/v2\/categories?post=117"},{"taxonomy":"post_tag","embeddable":true,"href":"https:\/\/blogs2.correiobraziliense.com.br\/vicente\/wp-json\/wp\/v2\/tags?post=117"}],"curies":[{"name":"wp","href":"https:\/\/api.w.org\/{rel}","templated":true}]}}