{"id":11702,"date":"2019-08-29T19:09:50","date_gmt":"2019-08-29T22:09:50","guid":{"rendered":"https:\/\/blogs2.correiobraziliense.com.br\/vicente\/?p=11702"},"modified":"2019-08-29T19:49:34","modified_gmt":"2019-08-29T22:49:34","slug":"bolsonaro-cumpre-promessa-e-mobiliza-governo-a-impedir-demarcacao-de-terra-indigena-em-mt","status":"publish","type":"post","link":"https:\/\/blogs2.correiobraziliense.com.br\/vicente\/bolsonaro-cumpre-promessa-e-mobiliza-governo-a-impedir-demarcacao-de-terra-indigena-em-mt\/","title":{"rendered":"Bolsonaro cumpre promessa e mobiliza governo a impedir demarca\u00e7\u00e3o de terra ind\u00edgena em MT"},"content":{"rendered":"<p>RODOLFO COSTA<\/p>\n<p>O presidente Jair Bolsonaro est\u00e1 cumprindo \u00e0 risca com o <a href=\"https:\/\/www.correiobraziliense.com.br\/app\/noticia\/politica\/2019\/08\/28\/interna_politica,779487\/planalto-conta-com-apoio-de-seis-governadores-batalha-contra-franca.shtml\"><strong>compromisso<\/strong><\/a> de n\u00e3o deixar ampliar um metro a mais de reservas ambientais, ind\u00edgenas ou quilombolas. Em caf\u00e9 da manh\u00e3 com a bancada do Mato Grosso, nesta quinta-feira (29\/8), ele ordenou que o titular da Advocacia-Geral da Uni\u00e3o (AGU), Andr\u00e9 Mendon\u00e7a, acompanhasse a comitiva em reuni\u00e3o extraordin\u00e1ria convocada junto ao presidente da Funda\u00e7\u00e3o Nacional do \u00cdndio (Funai),\u00a0Marcelo Xavier, para \u00e0s 17h de hoje, a fim de discutir a n\u00e3o demarca\u00e7\u00e3o de uma terra ind\u00edgena na comunidade de Jarudore, que, no entendimento do Minist\u00e9rio P\u00fablico Federal (MPF), ocupa uma terra ind\u00edgena na regi\u00e3o de Poxor\u00e9u, pr\u00f3ximo de Rondon\u00f3polis (MT).<\/p>\n<p>&nbsp;<\/p>\n<p>O presidente da Funai cumpria viagem em S\u00e3o Paulo. Na agenda oficial divulgada no site da autarquia, n\u00e3o consta a previs\u00e3o de retorno a Bras\u00edlia. No entanto, sob ordem de Bolsonaro, ele antecipou o retorno, com desembarque previsto para \u00e0s 16h30. Tudo para atender juntamente com Mendon\u00e7a a bancada mato-grossense. O coordenador da comitiva, deputado federal Neri Geller (PP), explica que cerca de 4 mil pessoas n\u00e3o ind\u00edgenas est\u00e3o sendo amea\u00e7adas de despejo na comunidade, considerada territ\u00f3rio ind\u00edgena.<\/p>\n<p>&nbsp;<\/p>\n<p>A ordem de desocupa\u00e7\u00e3o atende a uma decis\u00e3o judicial\u00a0relativa a uma a\u00e7\u00e3o civil p\u00fablica proposta pelo MPF, que determinou a reintegra\u00e7\u00e3o de posse de terra por ind\u00edgenas da etnia Bororo na ter\u00e7a-feira da semana passada (20\/8). A AGU, em conjunto com a Funai, trabalham, agora, por uma pacifica\u00e7\u00e3o em rela\u00e7\u00e3o ao assunto. No entanto, a ordem m\u00e1xima, estabelecida por Bolsonaro, \u00e9 por n\u00e3o fazer a demarca\u00e7\u00e3o. &#8220;Tem produtores com registros de im\u00f3veis na comunidade sendo amea\u00e7ados de despejo. Precisamos superar isso de forma jur\u00eddica&#8221;, ponderou Geller ao <strong>Blog<\/strong>.<\/p>\n<p>&nbsp;<\/p>\n<p><strong>Desenvolvimento sustent\u00e1vel<\/strong><\/p>\n<p>O presidente sustenta que 14% do territ\u00f3rio brasileiro atende aos povos ind\u00edgenas e que, por isso, n\u00e3o demarcar\u00e1 uma \u00fanica terra ind\u00edgena. Para ele, \u00e9 preciso rediscutir a pol\u00edtica ambiental de modo a desburocratiz\u00e1-la e flexibiliz\u00e1-la a fim de atender ao desenvolvimento sustent\u00e1vel. A explora\u00e7\u00e3o econ\u00f4mica com preserva\u00e7\u00e3o ambiental \u00e9 defendida por ele inclusive na Amaz\u00f4nia, que tem o Mato Grosso como um dos nove estados integrantes da Amaz\u00f4nia Legal.<\/p>\n<p>&nbsp;<\/p>\n<p>A ret\u00f3rica defendida pelo governo de que a explora\u00e7\u00e3o sustent\u00e1vel ajuda a proteger o meio ambiente \u00e9 endossada por Geller. A avalia\u00e7\u00e3o \u00e9 de que o desmatamento ilegal acontece nas \u00e1reas em que h\u00e1 interesse para o desenvolvimento da atividade econ\u00f4mica. Havendo um equacionamento entre economia e sustentabilidade, ele avalia que \u00e9 poss\u00edvel at\u00e9 evitar os inc\u00eandios. &#8220;Onde tem produ\u00e7\u00e3o no nosso estado n\u00e3o tem queimada ilegal&#8221;, destacou o parlamentar.<\/p>\n","protected":false},"excerpt":{"rendered":"<p>RODOLFO COSTA O presidente Jair Bolsonaro est\u00e1 cumprindo \u00e0 risca com o compromisso de n\u00e3o deixar ampliar um metro a mais de reservas ambientais, ind\u00edgenas ou quilombolas. Em caf\u00e9 da manh\u00e3 com a bancada do Mato Grosso, nesta quinta-feira (29\/8), ele ordenou que o titular da Advocacia-Geral da Uni\u00e3o (AGU), Andr\u00e9 Mendon\u00e7a, acompanhasse a comitiva [&hellip;]<\/p>\n","protected":false},"author":22,"featured_media":11703,"comment_status":"open","ping_status":"closed","sticky":false,"template":"","format":"standard","meta":{"wpb_read_more":[],"footnotes":""},"categories":[600],"tags":[2636,4106,4107,4096],"class_list":["post-11702","post","type-post","status-publish","format-standard","has-post-thumbnail","hentry","category-economia","tag-amazonia","tag-incendios","tag-neri-geller","tag-queimadas"],"_links":{"self":[{"href":"https:\/\/blogs2.correiobraziliense.com.br\/vicente\/wp-json\/wp\/v2\/posts\/11702","targetHints":{"allow":["GET"]}}],"collection":[{"href":"https:\/\/blogs2.correiobraziliense.com.br\/vicente\/wp-json\/wp\/v2\/posts"}],"about":[{"href":"https:\/\/blogs2.correiobraziliense.com.br\/vicente\/wp-json\/wp\/v2\/types\/post"}],"author":[{"embeddable":true,"href":"https:\/\/blogs2.correiobraziliense.com.br\/vicente\/wp-json\/wp\/v2\/users\/22"}],"replies":[{"embeddable":true,"href":"https:\/\/blogs2.correiobraziliense.com.br\/vicente\/wp-json\/wp\/v2\/comments?post=11702"}],"version-history":[{"count":3,"href":"https:\/\/blogs2.correiobraziliense.com.br\/vicente\/wp-json\/wp\/v2\/posts\/11702\/revisions"}],"predecessor-version":[{"id":11706,"href":"https:\/\/blogs2.correiobraziliense.com.br\/vicente\/wp-json\/wp\/v2\/posts\/11702\/revisions\/11706"}],"wp:featuredmedia":[{"embeddable":true,"href":"https:\/\/blogs2.correiobraziliense.com.br\/vicente\/wp-json\/wp\/v2\/media\/11703"}],"wp:attachment":[{"href":"https:\/\/blogs2.correiobraziliense.com.br\/vicente\/wp-json\/wp\/v2\/media?parent=11702"}],"wp:term":[{"taxonomy":"category","embeddable":true,"href":"https:\/\/blogs2.correiobraziliense.com.br\/vicente\/wp-json\/wp\/v2\/categories?post=11702"},{"taxonomy":"post_tag","embeddable":true,"href":"https:\/\/blogs2.correiobraziliense.com.br\/vicente\/wp-json\/wp\/v2\/tags?post=11702"}],"curies":[{"name":"wp","href":"https:\/\/api.w.org\/{rel}","templated":true}]}}