{"id":11716,"date":"2019-09-03T17:57:01","date_gmt":"2019-09-03T20:57:01","guid":{"rendered":"https:\/\/blogs2.correiobraziliense.com.br\/vicente\/?p=11716"},"modified":"2019-09-04T08:50:33","modified_gmt":"2019-09-04T11:50:33","slug":"pedido-de-viagem-a-dubai-sem-agenda-iniciou-conflito-entre-presidente-da-abdi-e-secretario-de-guedes","status":"publish","type":"post","link":"https:\/\/blogs2.correiobraziliense.com.br\/vicente\/pedido-de-viagem-a-dubai-sem-agenda-iniciou-conflito-entre-presidente-da-abdi-e-secretario-de-guedes\/","title":{"rendered":"Pedido de viagem a Dubai sem agenda iniciou conflito entre presidente da ABDI e secret\u00e1rio de Guedes"},"content":{"rendered":"<p><span style=\"font-weight: 400\">RODOLFO COSTA<\/span><\/p>\n<p><span style=\"font-weight: 400\">Os desentendimentos entre o secret\u00e1rio <\/span><span style=\"font-weight: 400\">especial de Produtividade, Emprego e Competitividade do minist\u00e9rio da Economia, Carlos da Costa, e o presidente da Ag\u00eancia Brasileira de Desenvolvimento Industrial (ABDI), Luiz Augusto de Souza Ferreira \u2014 mais conhecido como Guto \u2014, n\u00e3o s\u00e3o recentes. O <\/span><b>Blog<\/b><span style=\"font-weight: 400\"> apurou que, desde mar\u00e7o, os dois est\u00e3o em p\u00e9 de guerra.\u00a0<\/span><\/p>\n<p>&nbsp;<\/p>\n<p><span style=\"font-weight: 400\">A desaven\u00e7a teria come\u00e7ado ao fim do primeiro trimestre do ano, quando Carlos teria pedido para o presidente da ABDI fazer uma viagem a trabalho para Dubai, nos Emirados \u00c1rabes, sem agenda a ser cumprida. \u201cEssa ordem gerou um mal estar entre os dois, a ponto de o Guto ter chamado o Carlos de \u2018vagabundo\u2019\u201d, relata uma pessoa pr\u00f3xima de Ferreira.\u00a0<\/span><\/p>\n<p>&nbsp;<\/p>\n<p><span style=\"font-weight: 400\">Os relatos v\u00eam sendo comentados em desabafos de Guto a pessoas pr\u00f3ximas e at\u00e9 a trabalhadores p\u00fablicos e demais colaboradores da ABDI. Ele se sente com a corda no pesco\u00e7o. Afinal, o pr\u00f3prio presidente Jair Bolsonaro pediu investiga\u00e7\u00f5es sobre as acusa\u00e7\u00f5es feitas por ele a Carlos. Caso seja demitido, no entanto, ele promete \u201ccair atirando\u201d. \u201cSe ele for demitido sozinho, vai jogar a \u2018merda\u2019 no ventilador\u201d, comentou uma pessoa que trabalha na ag\u00eancia. Guto o acusa de receber\u00a0<\/span>\u201cpedidos n\u00e3o republicanos\u201d na autarquia.<\/p>\n<p>&nbsp;<\/p>\n<p><span style=\"font-weight: 400\">O presidente da Rep\u00fablica continua incomodado com as acusa\u00e7\u00f5es expostas a p\u00fablico. Interlocutores dizem, no entanto, que ele est\u00e1 mais irritado com Guto, que levou a lavagem de roupa suja \u00e0 imprensa. N\u00e3o por apre\u00e7o ao secret\u00e1rio do ministro da Economia, Paulo Guedes, que tamb\u00e9m est\u00e1 amea\u00e7ado de demiss\u00e3o. Nesta ter\u00e7a-feira (3\/9), desconversou sobre qual dos dois ser\u00e1 demitido. \u201cQuem decide \u00e9 o Paulo Guedes. J\u00e1 est\u00e1 certo, est\u00e1 sendo apurado e vai ser resolvido. N\u00e3o pode \u00e9 algu\u00e9m falar aquilo de outro sem que tenha alguma consequ\u00eancia\u201d, declarou.\u00a0<\/span><\/p>\n<p>&nbsp;<\/p>\n<h2><b>Defesa<\/b><\/h2>\n<p><span style=\"font-weight: 400\">Procurados, Costa e Gusto voltaram a emitir os mesmos posicionamentos informados \u00e0 imprensa. Em nota, Carlos da Costa refuta \u201cterminantemente\u201d ter feito \u201cqualquer pedido n\u00e3o republicano\u201d. E reitera que sua atua\u00e7\u00e3o sempre seguiu \u201cexplicitamente as normas aplic\u00e1veis \u00e0 Administra\u00e7\u00e3o P\u00fablica Federal e aos princ\u00edpios da \u00e9tica e da integridade\u201d.\u00a0<\/span><\/p>\n<p>&nbsp;<\/p>\n<p><span style=\"font-weight: 400\">\u201cTodas as solicita\u00e7\u00f5es feitas pelo secret\u00e1rio foram literal e rigorosamente pautadas pelos princ\u00edpios de economicidade, legalidade e leg\u00edtimo interesse p\u00fablico. Nesse sentido, o secret\u00e1rio determinou que o atendimento das solicita\u00e7\u00f5es s\u00f3 poderia ser feito ap\u00f3s a manifesta\u00e7\u00e3o favor\u00e1vel das \u00e1reas jur\u00eddicas competentes\u201d, informou a assessoria de imprensa.<\/span><\/p>\n<p>&nbsp;<\/p>\n<p><span style=\"font-weight: 400\">Diante do exposto, Carlos da Costa comunicou que est\u00e1 tomando as provid\u00eancias judiciais para interpelar Guto sobre as \u201cden\u00fancias infundadas\u201d. Procurado, o presidente da ABDI informou, por meio da assessoria, que n\u00e3o vai comentar as declara\u00e7\u00f5es do presidente Jair Bolsonaro.<\/span><\/p>\n","protected":false},"excerpt":{"rendered":"<p>RODOLFO COSTA Os desentendimentos entre o secret\u00e1rio especial de Produtividade, Emprego e Competitividade do minist\u00e9rio da Economia, Carlos da Costa, e o presidente da Ag\u00eancia Brasileira de Desenvolvimento Industrial (ABDI), Luiz Augusto de Souza Ferreira \u2014 mais conhecido como Guto \u2014, n\u00e3o s\u00e3o recentes. O Blog apurou que, desde mar\u00e7o, os dois est\u00e3o em p\u00e9 [&hellip;]<\/p>\n","protected":false},"author":22,"featured_media":11721,"comment_status":"open","ping_status":"closed","sticky":false,"template":"","format":"standard","meta":{"wpb_read_more":[],"footnotes":""},"categories":[600],"tags":[3634,2554,3008,4113,3666,4115,3613,4114],"class_list":["post-11716","post","type-post","status-publish","format-standard","has-post-thumbnail","hentry","category-economia","tag-abdi","tag-bolsonaro","tag-carlos-da-costa","tag-guto","tag-ministerio-da-economia","tag-nao-republicanos","tag-paulo-guedes","tag-pedidos"],"_links":{"self":[{"href":"https:\/\/blogs2.correiobraziliense.com.br\/vicente\/wp-json\/wp\/v2\/posts\/11716","targetHints":{"allow":["GET"]}}],"collection":[{"href":"https:\/\/blogs2.correiobraziliense.com.br\/vicente\/wp-json\/wp\/v2\/posts"}],"about":[{"href":"https:\/\/blogs2.correiobraziliense.com.br\/vicente\/wp-json\/wp\/v2\/types\/post"}],"author":[{"embeddable":true,"href":"https:\/\/blogs2.correiobraziliense.com.br\/vicente\/wp-json\/wp\/v2\/users\/22"}],"replies":[{"embeddable":true,"href":"https:\/\/blogs2.correiobraziliense.com.br\/vicente\/wp-json\/wp\/v2\/comments?post=11716"}],"version-history":[{"count":3,"href":"https:\/\/blogs2.correiobraziliense.com.br\/vicente\/wp-json\/wp\/v2\/posts\/11716\/revisions"}],"predecessor-version":[{"id":11722,"href":"https:\/\/blogs2.correiobraziliense.com.br\/vicente\/wp-json\/wp\/v2\/posts\/11716\/revisions\/11722"}],"wp:featuredmedia":[{"embeddable":true,"href":"https:\/\/blogs2.correiobraziliense.com.br\/vicente\/wp-json\/wp\/v2\/media\/11721"}],"wp:attachment":[{"href":"https:\/\/blogs2.correiobraziliense.com.br\/vicente\/wp-json\/wp\/v2\/media?parent=11716"}],"wp:term":[{"taxonomy":"category","embeddable":true,"href":"https:\/\/blogs2.correiobraziliense.com.br\/vicente\/wp-json\/wp\/v2\/categories?post=11716"},{"taxonomy":"post_tag","embeddable":true,"href":"https:\/\/blogs2.correiobraziliense.com.br\/vicente\/wp-json\/wp\/v2\/tags?post=11716"}],"curies":[{"name":"wp","href":"https:\/\/api.w.org\/{rel}","templated":true}]}}