{"id":1172,"date":"2016-05-31T15:07:09","date_gmt":"2016-05-31T18:07:09","guid":{"rendered":"https:\/\/blogs2.correiobraziliense.com.br\/vicente\/?p=1172"},"modified":"2016-05-31T15:07:09","modified_gmt":"2016-05-31T18:07:09","slug":"com-um-pe-fora-do-bc-tombini-ve-espaco-para-juros-cairem-em-julho","status":"publish","type":"post","link":"https:\/\/blogs2.correiobraziliense.com.br\/vicente\/com-um-pe-fora-do-bc-tombini-ve-espaco-para-juros-cairem-em-julho\/","title":{"rendered":"Com um p\u00e9 fora do BC, Tombini v\u00ea espa\u00e7o para juros ca\u00edrem em julho"},"content":{"rendered":"<p>Em relato a interlocutores, o atual presidente do Banco Central, Alexandre Tombini, disse ver espa\u00e7o para a queda da taxa b\u00e1sica de juros (Selic), de 14,25% ao ano, na reuni\u00e3o de julho do Comit\u00ea de Pol\u00edtica Monet\u00e1ria (Copom). Para isso, no entanto, a institui\u00e7\u00e3o precisa comprar o ajuste fiscal prometido pelo ministro da Fazenda, Henrique Meirelles, o que ainda n\u00e3o aconteceu.<\/p>\n<p>&nbsp;<\/p>\n<p>Tombini n\u00e3o acredita, por\u00e9m, que Ilan Goldfajn, seu sucessor, anuncie queda dos juros logo na primeira reuni\u00e3o do Copom que ele participar\u00e1. A decis\u00e3o poderia ser vista como um sinal de descompromisso com o controle da infla\u00e7\u00e3o. O problema \u00e9 que, com a recess\u00e3o no n\u00edvel que est\u00e1, a economia n\u00e3o aguentaria at\u00e9 o fim de agosto sem o afrouxo monet\u00e1rio. Portanto, na avalia\u00e7\u00e3o dos interlocutores de Tombini, Ilan n\u00e3o ter\u00e1 vida f\u00e1cil.<\/p>\n<p>&nbsp;<\/p>\n<p>Os mesmos interlocutores observaram que o diretor mais resistente \u00e0 queda dos juros, Tony Volpon, das \u00c1rea Internacional, tamb\u00e9m j\u00e1 fala, sem constrangimento, sobre a poss\u00edvel redu\u00e7\u00e3o da Selic. Ao longo dos \u00faltimos meses, ele foi um dos principais cr\u00edticos de um poss\u00edvel a\u00e7odamento do BC na condu\u00e7\u00e3o da pol\u00edtica monet\u00e1ria.<\/p>\n<p>&nbsp;<\/p>\n<p><em>Bras\u00edlia, 15h05min<\/em><\/p>\n","protected":false},"excerpt":{"rendered":"<p>Em relato a interlocutores, o atual presidente do Banco Central, Alexandre Tombini, disse ver espa\u00e7o para a queda da taxa b\u00e1sica de juros (Selic), de 14,25% ao ano, na reuni\u00e3o de julho do Comit\u00ea de Pol\u00edtica Monet\u00e1ria (Copom). Para isso, no entanto, a institui\u00e7\u00e3o precisa comprar o ajuste fiscal prometido pelo ministro da Fazenda, Henrique [&hellip;]<\/p>\n","protected":false},"author":22,"featured_media":0,"comment_status":"open","ping_status":"closed","sticky":false,"template":"","format":"standard","meta":{"wpb_read_more":[],"footnotes":""},"categories":[1],"tags":[],"class_list":["post-1172","post","type-post","status-publish","format-standard","hentry","category-sem-categoria"],"_links":{"self":[{"href":"https:\/\/blogs2.correiobraziliense.com.br\/vicente\/wp-json\/wp\/v2\/posts\/1172","targetHints":{"allow":["GET"]}}],"collection":[{"href":"https:\/\/blogs2.correiobraziliense.com.br\/vicente\/wp-json\/wp\/v2\/posts"}],"about":[{"href":"https:\/\/blogs2.correiobraziliense.com.br\/vicente\/wp-json\/wp\/v2\/types\/post"}],"author":[{"embeddable":true,"href":"https:\/\/blogs2.correiobraziliense.com.br\/vicente\/wp-json\/wp\/v2\/users\/22"}],"replies":[{"embeddable":true,"href":"https:\/\/blogs2.correiobraziliense.com.br\/vicente\/wp-json\/wp\/v2\/comments?post=1172"}],"version-history":[{"count":1,"href":"https:\/\/blogs2.correiobraziliense.com.br\/vicente\/wp-json\/wp\/v2\/posts\/1172\/revisions"}],"predecessor-version":[{"id":1173,"href":"https:\/\/blogs2.correiobraziliense.com.br\/vicente\/wp-json\/wp\/v2\/posts\/1172\/revisions\/1173"}],"wp:attachment":[{"href":"https:\/\/blogs2.correiobraziliense.com.br\/vicente\/wp-json\/wp\/v2\/media?parent=1172"}],"wp:term":[{"taxonomy":"category","embeddable":true,"href":"https:\/\/blogs2.correiobraziliense.com.br\/vicente\/wp-json\/wp\/v2\/categories?post=1172"},{"taxonomy":"post_tag","embeddable":true,"href":"https:\/\/blogs2.correiobraziliense.com.br\/vicente\/wp-json\/wp\/v2\/tags?post=1172"}],"curies":[{"name":"wp","href":"https:\/\/api.w.org\/{rel}","templated":true}]}}