{"id":11788,"date":"2019-09-11T16:44:02","date_gmt":"2019-09-11T19:44:02","guid":{"rendered":"https:\/\/blogs2.correiobraziliense.com.br\/vicente\/?p=11788"},"modified":"2019-09-11T19:45:21","modified_gmt":"2019-09-11T22:45:21","slug":"ramos-se-apresenta-a-lideres-partidarios-em-gesto-pela-construcao-de-uma-maioria-no-congresso","status":"publish","type":"post","link":"https:\/\/blogs2.correiobraziliense.com.br\/vicente\/ramos-se-apresenta-a-lideres-partidarios-em-gesto-pela-construcao-de-uma-maioria-no-congresso\/","title":{"rendered":"Ramos se apresenta a l\u00edderes partid\u00e1rios em gesto pela constru\u00e7\u00e3o de uma maioria no Congresso"},"content":{"rendered":"<p><span style=\"font-weight: 400\">RODOLFO COSTA<\/span><\/p>\n<p><span style=\"font-weight: 400\">O ministro-chefe da Secretaria de Governo, Luiz Eduardo Ramos, amplia nesta quarta-feira (10\/9) o processo de articula\u00e7\u00e3o pol\u00edtica. Conforme o <strong>Blog<\/strong> <a href=\"https:\/\/blogs2.correiobraziliense.com.br\/vicente\/governo-vai-discutir-relacao-com-dem-pp-pl-e-republicanos-para-alinhar-construcao-da-base\/\"><strong>antecipou<\/strong><\/a>, ele se re\u00fane na tarde de hoje com os l\u00edderes na C\u00e2mara do DEM, Elmar Nascimento BA), PL, Wellington Roberto (PB), do Republicanos, Johnathan de Jesus (RR), do PTB, Pedro Lucas Fernandes (MA), e do Podemos, Jos\u00e9 Nelto (GO). A reuni\u00e3o prevista com o l\u00edder do PP, Arthur Lira (AL), foi adiada. No hor\u00e1rio do almo\u00e7o, ele esteve com a bancada do PSDB, na casa do l\u00edder da legenda, Carlos Sampaio (SP). &#8220;<\/span><span style=\"font-weight: 400\">A minha inten\u00e7\u00e3o \u00e9 me apresentar com calma a eles&#8221;, declarou ao <strong>Blog <\/strong>nesta quarta-feira (11\/9).<\/span><\/p>\n<p>&nbsp;<\/p>\n<p><span style=\"font-weight: 400\">As reuni\u00f5es foram agendadas pelo l\u00edder do governo na C\u00e2mara, Major Vitor Hugo (PSL-GO). Os dois v\u00eam trabalhando a quatro m\u00e3os para conduzir a constru\u00e7\u00e3o de uma base para o governo. Al\u00e9m das reuni\u00f5es desta quarta, com PSDB, DEM, PL, Republicanos e PTB, Vitor Hugo marcou outras tr\u00eas reuni\u00f5es, com as bancadas do PSL, do Podemos e do Patriota.\u00a0<\/span><\/p>\n<p>&nbsp;<\/p>\n<p><span style=\"font-weight: 400\">O objetivo de Ramos \u00e9 se apresentar a algumas dessas lideran\u00e7as para estreitar la\u00e7os e construir um bom relacionamento. O<\/span><span style=\"font-weight: 400\">\u00a0ministro lembra que assumiu o cargo em 4 de julho, mas contextualiza que, para se adaptar plenamente \u00e0s fun\u00e7\u00f5es e gerir a pasta, levou cerca de 30 dias at\u00e9 \u201ctomar p\u00e9\u201d da situa\u00e7\u00e3o. \u201cEstou realmente na fun\u00e7\u00e3o h\u00e1 um m\u00eas. E vi a necessidade de buscar um contato direto (com os l\u00edderes)\u201d, destacou.<\/span><\/p>\n<p>&nbsp;<\/p>\n<p><span style=\"font-weight: 400\">Dos l\u00edderes com quem Ramos se re\u00fane nesta ter\u00e7a, Nelto \u00e9 exce\u00e7\u00e3o \u00e0 regra. Ele havia se encontrado em outras oportunidades com o ministro, inclusive com a bancada do partido. Agora, foi a vez de estreitar o contato com outros l\u00edderes.\u00a0<\/span><span style=\"font-weight: 400\">\u201cA minha inten\u00e7\u00e3o \u00e9 me apresentar com calma a eles, que eu antes n\u00e3o tinha tido tempo. Quero conversar, dizer qual o procedimento que eu espero em termos do meu trabalho. Dizer qual a expectativa de contar, n\u00e3o digo nem com o apoio, mas com a compreens\u00e3o nas pautas necess\u00e1rias para o bem do Brasil\u201d, sustentou.<\/span><\/p>\n<p>&nbsp;<\/p>\n<p><b>Prioridades<\/b><span style=\"font-weight: 400\">\u00a0<\/span><\/p>\n<p><span style=\"font-weight: 400\">A reforma tribut\u00e1ria, o pacto federativo e o pacote anticrime est\u00e3o entre as agendas necess\u00e1rias defendidas por Ramos. Embora controversa, mesmo a proposta de cria\u00e7\u00e3o do Imposto sobre Transa\u00e7\u00f5es Financeiras (ITF), tributo defendido pela equipe econ\u00f4mica que sugere a taxa\u00e7\u00e3o de saques e dep\u00f3sitos em dinheiro, bem como opera\u00e7\u00f5es de d\u00e9bito e cr\u00e9dito, pode ser debatida.\u00a0<\/span><\/p>\n<p>&nbsp;<\/p>\n<p><span style=\"font-weight: 400\">O ministro sinalizou que, com uma boa comunica\u00e7\u00e3o e articula\u00e7\u00e3o pol\u00edtica, \u00e9 poss\u00edvel chegar a um convencimento. \u201cExatamente. E principalmente para os congressistas, n\u00e9, que v\u00e3o aprovar ou n\u00e3o\u201d, ponderou. Ramos ressaltou, no entanto, que a mat\u00e9ria ainda ser\u00e1 alvo de discuss\u00e3o com o ministro da Economia, Paulo Guedes.\u00a0<\/span><\/p>\n<p>&nbsp;<\/p>\n<p><span style=\"font-weight: 400\">\u201cO que sei e posso dizer, e que \u00e9 l\u00f3gico, o presidente (Jair Bolsonaro) est\u00e1 l\u00e1 acamado (em S\u00e3o Paulo), se recuperando, gra\u00e7as a Deus est\u00e1 tudo bem&#8230; n\u00e3o sei exatamente o que o Paulo Guedes pretende, mas o presidente j\u00e1 deixou claro em mais de uma vez que n\u00e3o \u00e9 favor\u00e1vel a nenhum imposto. Mas tem que conversar com o ministro da Economia e o presidente\u201d, destacou.\u00a0<\/span><\/p>\n<p>&nbsp;<\/p>\n<p><b>Estudos<\/b><span style=\"font-weight: 400\"><br \/>\n<\/span> <span style=\"font-weight: 400\">Em 22 de agosto, Bolsonaro admitiu \u00e0 imprensa, na sa\u00edda do Pal\u00e1cio da Alvorada, que ouviria a opini\u00e3o de Guedes sobre o ITF. \u201cSe desburocratizar muita coisa, diminuir esse cipoal de impostos, essa burocracia enorme, eu estou disposto a conversar. N\u00e3o pretendo, falei que n\u00e3o pretendo, recriar a CPMF\u201d, alertou. Nesta quarta-feira (11\/9), com a exonera\u00e7\u00e3o do secret\u00e1rio especial da Receita Federal, Marcos Cintra, a pr\u00f3pria equipe econ\u00f4mica ainda vai debater como proceder com o controverso tema.\u00a0<\/span><\/p>\n<p>&nbsp;<\/p>\n<p><span style=\"font-weight: 400\">A verdade, no entanto, \u00e9 que o governo, de fato, n\u00e3o pretende recriar a pol\u00eamica Contribui\u00e7\u00e3o Provis\u00f3ria sobre Movimenta\u00e7\u00e3o Financeira (CPMF). O tributo, criado no governo do ex-presidente Luiz In\u00e1cio Lula da Silva, era um imposto inflacion\u00e1rio e regressivo, que penalizava as classes mais pobres. Como incidia sobre movimenta\u00e7\u00f5es, as empresas acabavam repassando o aumento de custos para o pre\u00e7o final de produtos e servi\u00e7os.\u00a0<\/span><\/p>\n<p>&nbsp;<\/p>\n<p><b>Diferen\u00e7as<\/b><\/p>\n<p><span style=\"font-weight: 400\">O ITF, embora tenha aspectos semelhantes, ele n\u00e3o est\u00e1 sendo proposto como mais um tributo a ser pago pelas fam\u00edlias e empresas na cadeia tribut\u00e1ria. \u00c9 verdade que a ideia seja criar um imposto que incida sobre opera\u00e7\u00f5es de ponta a ponta, tanto por quem paga, quanto por quem recebe, e, com isso, as companhias poderiam, tamb\u00e9m, repassar o custo, como na \u00e9poca da CPMF. Entretanto, a equipe econ\u00f4mica de Guedes defende o tributo como uma fonte de receita para desonerar as folhas de pagamento e, assim, fomentar a cadeia produtiva e gerar empregos.\u00a0<\/span><\/p>\n<p>&nbsp;<\/p>\n<p><span style=\"font-weight: 400\">Na proposta estudada pela equipe econ\u00f4mica, o IMF substituiria gradativamente a contribui\u00e7\u00e3o patronal sobre os sal\u00e1rios, ou seja, a folha de pagamentos, al\u00e9m da Contribui\u00e7\u00e3o Social sobre o Lucro L\u00edquido (CSLL), e, tamb\u00e9m, o Imposto sobre Opera\u00e7\u00f5es Financeiras (IOF). Como a legisla\u00e7\u00e3o veda que o governo zere um tributo sem uma contrapartida fiscal, o novo tributo seria pago para estimular os setores produtivos a criar emprego e renda. <\/span><\/p>\n","protected":false},"excerpt":{"rendered":"<p>RODOLFO COSTA O ministro-chefe da Secretaria de Governo, Luiz Eduardo Ramos, amplia nesta quarta-feira (10\/9) o processo de articula\u00e7\u00e3o pol\u00edtica. Conforme o Blog antecipou, ele se re\u00fane na tarde de hoje com os l\u00edderes na C\u00e2mara do DEM, Elmar Nascimento BA), PL, Wellington Roberto (PB), do Republicanos, Johnathan de Jesus (RR), do PTB, Pedro Lucas [&hellip;]<\/p>\n","protected":false},"author":22,"featured_media":11789,"comment_status":"open","ping_status":"closed","sticky":false,"template":"","format":"standard","meta":{"wpb_read_more":[],"footnotes":""},"categories":[600],"tags":[4127,2395,2554,254,3615,4129,467,4130,3862,3848,4126,3944,2787,1820,3416,3989,1350,4125,4128],"class_list":["post-11788","post","type-post","status-publish","format-standard","has-post-thumbnail","hentry","category-economia","tag-arthur-lira","tag-articulacao","tag-bolsonaro","tag-congresso","tag-cpmf","tag-elmar-nascimento","tag-governo","tag-johnathan-de-jesus","tag-jose-nelto","tag-lideres","tag-pl","tag-podemos","tag-politica","tag-psdb","tag-ptb","tag-ramos","tag-reforma-tributaria","tag-republicanos","tag-wellington-roberto"],"_links":{"self":[{"href":"https:\/\/blogs2.correiobraziliense.com.br\/vicente\/wp-json\/wp\/v2\/posts\/11788","targetHints":{"allow":["GET"]}}],"collection":[{"href":"https:\/\/blogs2.correiobraziliense.com.br\/vicente\/wp-json\/wp\/v2\/posts"}],"about":[{"href":"https:\/\/blogs2.correiobraziliense.com.br\/vicente\/wp-json\/wp\/v2\/types\/post"}],"author":[{"embeddable":true,"href":"https:\/\/blogs2.correiobraziliense.com.br\/vicente\/wp-json\/wp\/v2\/users\/22"}],"replies":[{"embeddable":true,"href":"https:\/\/blogs2.correiobraziliense.com.br\/vicente\/wp-json\/wp\/v2\/comments?post=11788"}],"version-history":[{"count":3,"href":"https:\/\/blogs2.correiobraziliense.com.br\/vicente\/wp-json\/wp\/v2\/posts\/11788\/revisions"}],"predecessor-version":[{"id":11793,"href":"https:\/\/blogs2.correiobraziliense.com.br\/vicente\/wp-json\/wp\/v2\/posts\/11788\/revisions\/11793"}],"wp:featuredmedia":[{"embeddable":true,"href":"https:\/\/blogs2.correiobraziliense.com.br\/vicente\/wp-json\/wp\/v2\/media\/11789"}],"wp:attachment":[{"href":"https:\/\/blogs2.correiobraziliense.com.br\/vicente\/wp-json\/wp\/v2\/media?parent=11788"}],"wp:term":[{"taxonomy":"category","embeddable":true,"href":"https:\/\/blogs2.correiobraziliense.com.br\/vicente\/wp-json\/wp\/v2\/categories?post=11788"},{"taxonomy":"post_tag","embeddable":true,"href":"https:\/\/blogs2.correiobraziliense.com.br\/vicente\/wp-json\/wp\/v2\/tags?post=11788"}],"curies":[{"name":"wp","href":"https:\/\/api.w.org\/{rel}","templated":true}]}}