{"id":1179,"date":"2016-06-01T00:01:50","date_gmt":"2016-06-01T03:01:50","guid":{"rendered":"https:\/\/blogs2.correiobraziliense.com.br\/vicente\/?p=1179"},"modified":"2016-06-01T08:38:51","modified_gmt":"2016-06-01T11:38:51","slug":"o-calvario-de-cada-dia","status":"publish","type":"post","link":"https:\/\/blogs2.correiobraziliense.com.br\/vicente\/o-calvario-de-cada-dia\/","title":{"rendered":"O calv\u00e1rio de cada dia"},"content":{"rendered":"<p>POR PAULO SILVA PINTO<\/p>\n<p>&nbsp;<\/p>\n<p>Temos mais uma presta\u00e7\u00e3o hoje na longa cole\u00e7\u00e3o de m\u00e1s not\u00edcias econ\u00f4micas que os brasileiros v\u00eam reunindo. O Produto Interno Bruto (PIB) do primeiro trimestre de 2016, a ser divulgado pelo Instituto Brasileiro de Geografia e Estat\u00edstica (IBGE), dever\u00e1 vir com queda de 0,8% na expectativa m\u00e9dia do mercado. Ser\u00e1 um pouco melhor do que a queda de 1,4% no fim de 2015.<\/p>\n<p>&nbsp;<\/p>\n<p>Mas h\u00e1 sempre um detalhe que se encaixa na frase \u201cnunca foi t\u00e3o ruim assim\u201d. Em rela\u00e7\u00e3o ao primeiro trimestre de 2016, o resultado ser\u00e1 uma varia\u00e7\u00e3o negativa em torno de 6%, afinal j\u00e1 \u00e9 longo o per\u00edodo de recess\u00e3o. Teremos o oitavo trimestre de queda. Detalhe: ainda estamos longe do fim do ciclo de tombos.<\/p>\n<p>&nbsp;<\/p>\n<p>\u00c9 uma recess\u00e3o que foi inteiramente produzida aqui, pela m\u00e1 gest\u00e3o da pol\u00edtica econ\u00f4mica, que levou \u00e0 explos\u00e3o dos gastos p\u00fablicos. Teria sido poss\u00edvel evitar isso, mesmo preservando muito dos gastos sociais. Bastaria evitar a bolsa empres\u00e1rio: centenas de bilh\u00f5es de reais que serviram para empr\u00e9stimos subsidiados a empresas, al\u00e9m dos recursos que deixaram de entrar no Tesouro por conta de desonera\u00e7\u00f5es tribut\u00e1rias dirigidas em vez de baixar impostos para todo mundo.<\/p>\n<p>&nbsp;<\/p>\n<p>Houve, certamente, piora dos nossos termos de troca, a rela\u00e7\u00e3o entre o que exportamos e o que compramos, devido \u00e0 redu\u00e7\u00e3o do crescimento chin\u00eas. Pa\u00edses como o Chile e o Peru tamb\u00e9m sentiram o baque. Mas n\u00e3o ca\u00edram em um c\u00edrculo vicioso como o nosso, cuja culpa \u00e9 toda nossa. A imensa responsabilidade do Executivo nesse processo \u00e9 \u00f3bvia. Mas os parlamentares n\u00e3o podem fingir que o assunto n\u00e3o \u00e9 com eles.<\/p>\n<p>&nbsp;<\/p>\n<p>Ajuste fiscal nunca foi uma prioridade do Congresso, a n\u00e3o ser na ret\u00f3rica. Alguns se dedicam com esmero ao desperd\u00edcio de dinheiro em suas emendas ao Or\u00e7amento, para n\u00e3o falar do ralo da estrutura de que disp\u00f5e cada deputado e senador. N\u00e3o h\u00e1 paralelo assim em pa\u00edses com renda semelhante \u00e0 nossa. Ali\u00e1s, nem mesmo em pa\u00edses onde sobra dinheiro.<\/p>\n<p>&nbsp;<\/p>\n<p><b>Rombo da adminstra\u00e7\u00e3o p\u00fablica<\/b><\/p>\n<p>&nbsp;<\/p>\n<p>N\u00e3o \u00e9 \u00e0 toa que o consumo da administra\u00e7\u00e3o p\u00fablica \u00e9 um dos poucos itens que, de acordo com as previs\u00f5es, teve alta no trimestre ao rela\u00e7\u00e3o ao per\u00edodo anterior, de 1,3% na previs\u00e3o da equipe do Santander. O investimento vai levar novo tombo, de 4,6% no trimestre, de acordo com os economistas do banco, em fun\u00e7\u00e3o, sobretudo, da grande capacidade ociosa na ind\u00fastria, que desestimula qualquer plano de expans\u00e3o da quantidade ou da qualidade do que \u00e9 produzido. Para a varia\u00e7\u00e3o do PIB como um todo, a equipe do Santander espera 0,8%, alianhados com o mercado.<\/p>\n<p>&nbsp;<\/p>\n<p>A Schwartsman e Associados prev\u00ea resultado um pouco pior no trimestre: queda de 1,2%, bem pr\u00f3ximo ao que se viu nos tr\u00eas \u00faltimos meses de 2015. N\u00e3o se trata de uma grande diferen\u00e7a conceitual entre diferentes analistas, mas basicamente da calibragem dos modelos econ\u00f4micos usados, com peso maior ou menor para algum componente.<\/p>\n<p>&nbsp;<\/p>\n<p>O resultado dessa calamidade que o pa\u00eds atravessa \u00e9 o desemprego, que j\u00e1 atinge 11,2% da popula\u00e7\u00e3o economicamente ativa. \u00c9 um aumento de 3,2 pontos percentuais em rela\u00e7\u00e3o ao mesmo per\u00edodo do ano passado.\u00a0Assim como o PIB, o desemprego n\u00e3o parou de piorar. Vai chegar a 13% no fim do ano, e s\u00f3 ent\u00e3o poder\u00e1 come\u00e7ar a melhorar, o que n\u00e3o vai acontecer rapidamente, na avalia\u00e7\u00e3o do ex-diretor do Banco Central (BC) Alexandre Schwartsman.\u00a0\u201cO emprego \u00e9 o componente que mais tempo demora para reagir, tanto para entrar na crise quanto para sair dela\u201d, explica. A rea\u00e7\u00e3o vir\u00e1 somente em 2018. No pr\u00f3ximo ano, com um crescimento p\u00edfio de 0,5%, n\u00e3o ser\u00e1 poss\u00edvel contar com novas contrata\u00e7\u00f5es de forma significativa.<\/p>\n<p>&nbsp;<\/p>\n<p>O economista-chefe da Opus Investimentos, Jos\u00e9 M\u00e1rcio Camargo, tamb\u00e9m conta com o desemprego em 13% at\u00e9 setembro, quando talvez o mercado de trabalho atinja o fundo do po\u00e7o, mas sem chances de come\u00e7ar a se recuperar novamente.\u00a0Para Camargo, professor da Pontif\u00edcia Universidade Cat\u00f3lica do Rio de Janeiro (PUC-Rio), s\u00f3 ser\u00e1 poss\u00edvel melhorar a competitividade das empresas e os sal\u00e1rios com uma reforma trabalhista que elimine a multa sobre o Fundo de Garantia do Tempo de Servi\u00e7o (FGTS), assim como o acesso ao saldo depositado.<\/p>\n<p>&nbsp;<\/p>\n<p>\u201cIsso deveria ser sacado somente quando a pessoa se aposentasse, at\u00e9 mesmo como incentivo \u00e0 poupan\u00e7a previdenci\u00e1ria. No sistema que temos hoje, o trabalhador recebe um pr\u00eamio ao sair da empresa depois de alguns anos, colocando a m\u00e3o nesses recursos. Em contrapartida, os empres\u00e1rios n\u00e3o investem na forma\u00e7\u00e3o de recursos humanos\u201d, comenta Camargo.<\/p>\n<p>&nbsp;<\/p>\n<p>Bras\u00edlia, 00h01min<\/p>\n","protected":false},"excerpt":{"rendered":"<p>POR PAULO SILVA PINTO &nbsp; Temos mais uma presta\u00e7\u00e3o hoje na longa cole\u00e7\u00e3o de m\u00e1s not\u00edcias econ\u00f4micas que os brasileiros v\u00eam reunindo. O Produto Interno Bruto (PIB) do primeiro trimestre de 2016, a ser divulgado pelo Instituto Brasileiro de Geografia e Estat\u00edstica (IBGE), dever\u00e1 vir com queda de 0,8% na expectativa m\u00e9dia do mercado. Ser\u00e1 [&hellip;]<\/p>\n","protected":false},"author":22,"featured_media":0,"comment_status":"open","ping_status":"closed","sticky":false,"template":"","format":"standard","meta":{"wpb_read_more":[],"footnotes":""},"categories":[1],"tags":[],"class_list":["post-1179","post","type-post","status-publish","format-standard","hentry","category-sem-categoria"],"_links":{"self":[{"href":"https:\/\/blogs2.correiobraziliense.com.br\/vicente\/wp-json\/wp\/v2\/posts\/1179","targetHints":{"allow":["GET"]}}],"collection":[{"href":"https:\/\/blogs2.correiobraziliense.com.br\/vicente\/wp-json\/wp\/v2\/posts"}],"about":[{"href":"https:\/\/blogs2.correiobraziliense.com.br\/vicente\/wp-json\/wp\/v2\/types\/post"}],"author":[{"embeddable":true,"href":"https:\/\/blogs2.correiobraziliense.com.br\/vicente\/wp-json\/wp\/v2\/users\/22"}],"replies":[{"embeddable":true,"href":"https:\/\/blogs2.correiobraziliense.com.br\/vicente\/wp-json\/wp\/v2\/comments?post=1179"}],"version-history":[{"count":1,"href":"https:\/\/blogs2.correiobraziliense.com.br\/vicente\/wp-json\/wp\/v2\/posts\/1179\/revisions"}],"predecessor-version":[{"id":1180,"href":"https:\/\/blogs2.correiobraziliense.com.br\/vicente\/wp-json\/wp\/v2\/posts\/1179\/revisions\/1180"}],"wp:attachment":[{"href":"https:\/\/blogs2.correiobraziliense.com.br\/vicente\/wp-json\/wp\/v2\/media?parent=1179"}],"wp:term":[{"taxonomy":"category","embeddable":true,"href":"https:\/\/blogs2.correiobraziliense.com.br\/vicente\/wp-json\/wp\/v2\/categories?post=1179"},{"taxonomy":"post_tag","embeddable":true,"href":"https:\/\/blogs2.correiobraziliense.com.br\/vicente\/wp-json\/wp\/v2\/tags?post=1179"}],"curies":[{"name":"wp","href":"https:\/\/api.w.org\/{rel}","templated":true}]}}