{"id":11797,"date":"2019-09-13T10:54:55","date_gmt":"2019-09-13T13:54:55","guid":{"rendered":"https:\/\/blogs2.correiobraziliense.com.br\/vicente\/?p=11797"},"modified":"2019-09-13T10:54:55","modified_gmt":"2019-09-13T13:54:55","slug":"banco-central-registra-queda-de-016-na-previa-do-pib-de-julho","status":"publish","type":"post","link":"https:\/\/blogs2.correiobraziliense.com.br\/vicente\/banco-central-registra-queda-de-016-na-previa-do-pib-de-julho\/","title":{"rendered":"Banco Central registra queda de 0,16% na pr\u00e9via do PIB de julho"},"content":{"rendered":"<h2>ROSANA HESSEL<\/h2>\n<h2>ANNA RUSSI<\/h2>\n<p>&nbsp;<\/p>\n<h2>O \u00cdndice de Atividade Econ\u00f4mica do Banco Central (IBC-Br), considerado a pr\u00e9via do Produto Interno Bruto (PIB), apresentou retra\u00e7\u00e3o de 0,16% em julho em rela\u00e7\u00e3o ao m\u00eas anterior, na s\u00e9rie com ajuste sazonal. O dado, divulgado pelo Banco Central nesta sexta-feira (13\/9). O\u00a0\u00edndice passou de 138,33 pontos para 138,11 pontos, atingindo o menor patamar para o indicador desde maio deste ano, quando a pontua\u00e7\u00e3o foi de 137,86.<\/h2>\n<p>&nbsp;<\/p>\n<p>Os n\u00fameros do BC v\u00e3o na contram\u00e3o do Instituto Brasileiro de Geografia e Estat\u00edstica (IBGE), que divulgou retomada no com\u00e9rcio e nos servi\u00e7os no s\u00e9timo m\u00eas do ano e os dados ficaram acima das expectativas do mercado.\u00a0 &#8220;Julho foi um m\u00eas relativamente bom, com a aprova\u00e7\u00e3o da reforma da Previd\u00eancia, mas ainda n\u00e3o tinha aparecido os sustos do cen\u00e1rio internacional, especialmente a nova rodada da crise na Argentina. Mas o n\u00famero na compara\u00e7\u00e3o com julho de 2018 est\u00e1 condizente com nossa expectativa de alta de 1,2% no terceiro trimestre deste ano contra terceiro trimestre do ano passado. Isso daria um crescimento de 0,5% no PIB contra o segundo trimestre. Se houver, de fato, uma solu\u00e7\u00e3o melhor para a guerra comercial entre Estados Unidos e China, \u00e9 poss\u00edvel uma maior calmaria no cen\u00e1rio internacional e a possibilidade de retomada da economia brasileira um pouco mais consistente. Mas, por agora, a expectativa segue sendo de crescimento de 0,9% este ano e 1,6% ano que vem&#8221;, avaliou Sergio Vale, economista-chefe da MB Associados.<\/p>\n<p>&nbsp;<\/p>\n<p>Vale ressaltou que a ind\u00fastria est\u00e1 indo pior que os setores de com\u00e9rcio e de servi\u00e7os.\u00a0 &#8220;Isso pode ter ajudado na pequena queda no m\u00eas de julho do IBC-Br. Mas, na compara\u00e7\u00e3o com julho de 2018, o n\u00famero \u00e9 condizente com os tr\u00eas segmentos. N\u00e3o vejo assim tanta discrep\u00e2ncia. Eu em geral n\u00e3o fa\u00e7o proje\u00e7\u00e3o em cima de um dado que j\u00e1 \u00e9 retrabalhado em cima de dados secund\u00e1rios. Pra PIB prefiro ficar com o dado oficial do IBGE. Veja no segundo tri, que o IBC-BR apontava queda e veio 0,4%, como esper\u00e1vamos&#8221;, destacou.<\/p>\n<p>&nbsp;<\/p>\n<p>O economista e Carlos Eduardo de Freitas, ex-diretor do Banco Central, considerou que, como a retra\u00e7\u00e3o de julho foi pequena, ela n\u00e3o deve continuar nos pr\u00f3ximos meses.\u00a0 &#8220;N\u00e3o vejo uma tend\u00eancia de recuo na atividade no terceiro trimestre, apesar dessa discreta queda registrada pelo IBC-Br&#8221;, destacou.<\/p>\n<p>&nbsp;<\/p>\n<p>Na compara\u00e7\u00e3o anual entre os meses de julho, o \u00edndice registrou avan\u00e7o de 1,31% na s\u00e9rie dessazonalizada. A pontua\u00e7\u00e3o em julho de 2019 foi de 142,95 pontos. J\u00e1 no mesmo m\u00eas de 2018, o IBC-Br ficou em 141,10 pontos.\u00a0 No acumulado do trimestre encerrado em julho, o \u00edndice de atividade econ\u00f4mica teve alta de 0,91%, em rela\u00e7\u00e3o aos tr\u00eas meses anteriores &#8211; de fevereiro a abril. J\u00e1 na compara\u00e7\u00e3o com o mesmo trimestre do ano passado, o crescimento foi de 1,54%, na s\u00e9rie sem ajustes sazonais.<\/p>\n<p>&nbsp;<\/p>\n<p>De janeiro a julho, de acordo com o Banco Central, o IBC-Br acumulou alta de 0,78%, na s\u00e9ries dessazonalizada. J\u00e1 nos 12 meses encerrados em julho, o \u00edndice avan\u00e7ou 1,07%.<\/p>\n","protected":false},"excerpt":{"rendered":"<p>ROSANA HESSEL ANNA RUSSI &nbsp; O \u00cdndice de Atividade Econ\u00f4mica do Banco Central (IBC-Br), considerado a pr\u00e9via do Produto Interno Bruto (PIB), apresentou retra\u00e7\u00e3o de 0,16% em julho em rela\u00e7\u00e3o ao m\u00eas anterior, na s\u00e9rie com ajuste sazonal. O dado, divulgado pelo Banco Central nesta sexta-feira (13\/9). O\u00a0\u00edndice passou de 138,33 pontos para 138,11 pontos, [&hellip;]<\/p>\n","protected":false},"author":22,"featured_media":0,"comment_status":"open","ping_status":"closed","sticky":false,"template":"","format":"standard","meta":{"wpb_read_more":[],"footnotes":""},"categories":[600],"tags":[3,2580,58],"class_list":["post-11797","post","type-post","status-publish","format-standard","hentry","category-economia","tag-banco-central","tag-ibc-br","tag-pib"],"_links":{"self":[{"href":"https:\/\/blogs2.correiobraziliense.com.br\/vicente\/wp-json\/wp\/v2\/posts\/11797","targetHints":{"allow":["GET"]}}],"collection":[{"href":"https:\/\/blogs2.correiobraziliense.com.br\/vicente\/wp-json\/wp\/v2\/posts"}],"about":[{"href":"https:\/\/blogs2.correiobraziliense.com.br\/vicente\/wp-json\/wp\/v2\/types\/post"}],"author":[{"embeddable":true,"href":"https:\/\/blogs2.correiobraziliense.com.br\/vicente\/wp-json\/wp\/v2\/users\/22"}],"replies":[{"embeddable":true,"href":"https:\/\/blogs2.correiobraziliense.com.br\/vicente\/wp-json\/wp\/v2\/comments?post=11797"}],"version-history":[{"count":1,"href":"https:\/\/blogs2.correiobraziliense.com.br\/vicente\/wp-json\/wp\/v2\/posts\/11797\/revisions"}],"predecessor-version":[{"id":11798,"href":"https:\/\/blogs2.correiobraziliense.com.br\/vicente\/wp-json\/wp\/v2\/posts\/11797\/revisions\/11798"}],"wp:attachment":[{"href":"https:\/\/blogs2.correiobraziliense.com.br\/vicente\/wp-json\/wp\/v2\/media?parent=11797"}],"wp:term":[{"taxonomy":"category","embeddable":true,"href":"https:\/\/blogs2.correiobraziliense.com.br\/vicente\/wp-json\/wp\/v2\/categories?post=11797"},{"taxonomy":"post_tag","embeddable":true,"href":"https:\/\/blogs2.correiobraziliense.com.br\/vicente\/wp-json\/wp\/v2\/tags?post=11797"}],"curies":[{"name":"wp","href":"https:\/\/api.w.org\/{rel}","templated":true}]}}