{"id":1181,"date":"2016-06-01T09:02:24","date_gmt":"2016-06-01T12:02:24","guid":{"rendered":"https:\/\/blogs2.correiobraziliense.com.br\/vicente\/?p=1181"},"modified":"2016-06-01T09:21:54","modified_gmt":"2016-06-01T12:21:54","slug":"retrato-do-desastre","status":"publish","type":"post","link":"https:\/\/blogs2.correiobraziliense.com.br\/vicente\/retrato-do-desastre\/","title":{"rendered":"Retrato do desastre"},"content":{"rendered":"<p>Quando analisados isoladamente, os indicadores econ\u00f4micos dos \u00faltimos meses do governo de Dilma Rousseff deixam qualquer um desanimado. Quando avaliados em conjunto, d\u00e3o a exata dimens\u00e3o da destrui\u00e7\u00e3o do pa\u00eds provocada pela petista.<\/p>\n<p>&nbsp;<\/p>\n<p>Hoje, o Instituto Bradileiro de Geografia e Estat\u00edstica (IBGE) revelou que o Produto Interno Bruto (PIB) caiu 5,4% no primeiro trimestre deste ano ante o mesmo per\u00edodo de 2015, o oitavo recuo seguido nesta base de compara\u00e7\u00e3o, e 0,3% frente os \u00faltimos tr\u00eas meses do ano passado, a quinta queda consecutiva. Quase nenhum dos indicadores que comp\u00f5em o PIB ficou de p\u00e9. Investimentos, consumo das fam\u00edlias, ind\u00fastria, servi\u00e7os. Todos apontaram quedas fortes. N\u00e3o por acaso, a desconfian\u00e7a no pa\u00eds \u00e9 enorme.<\/p>\n<p>&nbsp;<\/p>\n<p>A queda dos investimentos de 2,7% no primeiro trimestre ante os tr\u00eas meses anteriores indica que a recupera\u00e7\u00e3o da economia ser\u00e1 lenta \u00a0e demorada. A \u00fanica boa not\u00edcia no PIB foi que o recuo de 0,3% ficou abaixo das proje\u00e7\u00f5es m\u00e9dias do mercado, de tombo de 0,7%. A diferen\u00e7a decorreu dos gastos do governo, o \u00fanico indicador que apontou alta entre janeiro e mar\u00e7o frente os tr\u00eas meses imediatamente anteriores. A gastan\u00e7a avan\u00e7ou 1,1%. Uma distor\u00e7\u00e3o e tanto, uma vez que a atividade deveria estar sendo sustentada pelos setor privado.<\/p>\n<p>&nbsp;<\/p>\n<p><b>Desemprego<\/b><\/p>\n<p>&nbsp;<\/p>\n<p>Ontem, o mesmo IBGE mostrou que o desemprego bateu novo recorde. Alcan\u00e7ou 11,2%. Ou seja, 11,4 milh\u00f5es de brasileiros est\u00e3o sem trabalho, v\u00edtimas da profunda recess\u00e3o na qual o pa\u00eds mergulhou. A renda m\u00e9dia real desabou 3,3% na compara\u00e7\u00e3o de abril deste ano com o mesmo m\u00eas de 2015. N\u00e3o h\u00e1 perspectiva de recupera\u00e7\u00e3o para o emprego antes de 2017, devido ao encolhimento da produ\u00e7\u00e3o. Antes de contratarem de novo, quando a economia voltar a crescer, as empresas v\u00e3o reutilizar o parque fabril que est\u00e1 desativado, a tal capacidade ociosa.<\/p>\n<p>&nbsp;<\/p>\n<p>As contas p\u00fablicas completam o desastre. Nos primeiros quatro meses deste ano, o governo federal registrou rombo de R$ 8,5 bilh\u00f5es, fato in\u00e9dito para o per\u00edodo. Quando inclu\u00eddos estados e munic\u00edpios, o buraco chegou a 10% do PIB nos 12 meses terminados sem abril, levando-se em considera\u00e7\u00e3o os gastos com juros.<\/p>\n<p>&nbsp;<\/p>\n<p>Bras\u00edlia, 09h02min<\/p>\n","protected":false},"excerpt":{"rendered":"<p>Quando analisados isoladamente, os indicadores econ\u00f4micos dos \u00faltimos meses do governo de Dilma Rousseff deixam qualquer um desanimado. Quando avaliados em conjunto, d\u00e3o a exata dimens\u00e3o da destrui\u00e7\u00e3o do pa\u00eds provocada pela petista. &nbsp; Hoje, o Instituto Bradileiro de Geografia e Estat\u00edstica (IBGE) revelou que o Produto Interno Bruto (PIB) caiu 5,4% no primeiro trimestre [&hellip;]<\/p>\n","protected":false},"author":22,"featured_media":0,"comment_status":"open","ping_status":"closed","sticky":false,"template":"","format":"standard","meta":{"wpb_read_more":[],"footnotes":""},"categories":[1],"tags":[],"class_list":["post-1181","post","type-post","status-publish","format-standard","hentry","category-sem-categoria"],"_links":{"self":[{"href":"https:\/\/blogs2.correiobraziliense.com.br\/vicente\/wp-json\/wp\/v2\/posts\/1181","targetHints":{"allow":["GET"]}}],"collection":[{"href":"https:\/\/blogs2.correiobraziliense.com.br\/vicente\/wp-json\/wp\/v2\/posts"}],"about":[{"href":"https:\/\/blogs2.correiobraziliense.com.br\/vicente\/wp-json\/wp\/v2\/types\/post"}],"author":[{"embeddable":true,"href":"https:\/\/blogs2.correiobraziliense.com.br\/vicente\/wp-json\/wp\/v2\/users\/22"}],"replies":[{"embeddable":true,"href":"https:\/\/blogs2.correiobraziliense.com.br\/vicente\/wp-json\/wp\/v2\/comments?post=1181"}],"version-history":[{"count":4,"href":"https:\/\/blogs2.correiobraziliense.com.br\/vicente\/wp-json\/wp\/v2\/posts\/1181\/revisions"}],"predecessor-version":[{"id":1185,"href":"https:\/\/blogs2.correiobraziliense.com.br\/vicente\/wp-json\/wp\/v2\/posts\/1181\/revisions\/1185"}],"wp:attachment":[{"href":"https:\/\/blogs2.correiobraziliense.com.br\/vicente\/wp-json\/wp\/v2\/media?parent=1181"}],"wp:term":[{"taxonomy":"category","embeddable":true,"href":"https:\/\/blogs2.correiobraziliense.com.br\/vicente\/wp-json\/wp\/v2\/categories?post=1181"},{"taxonomy":"post_tag","embeddable":true,"href":"https:\/\/blogs2.correiobraziliense.com.br\/vicente\/wp-json\/wp\/v2\/tags?post=1181"}],"curies":[{"name":"wp","href":"https:\/\/api.w.org\/{rel}","templated":true}]}}