{"id":11822,"date":"2019-09-19T12:51:28","date_gmt":"2019-09-19T15:51:28","guid":{"rendered":"https:\/\/blogs2.correiobraziliense.com.br\/vicente\/?p=11822"},"modified":"2019-09-19T20:02:40","modified_gmt":"2019-09-19T23:02:40","slug":"mercado-espera-que-selic-fique-abaixo-de-5-ate-o-fim-do-ano","status":"publish","type":"post","link":"https:\/\/blogs2.correiobraziliense.com.br\/vicente\/mercado-espera-que-selic-fique-abaixo-de-5-ate-o-fim-do-ano\/","title":{"rendered":"Mercado espera que Selic fique abaixo de 5% at\u00e9 o fim do ano|"},"content":{"rendered":"<h2>ANNA RUSSI<\/h2>\n<h2>ROSANA HESSEL<\/h2>\n<h2>Ap\u00f3s o Banco Central reduzir em 0,5 ponto percentual na taxa b\u00e1sica de juros (Selic) e deixar a porta aberta para novos cortes,\u00a0 o mercado est\u00e1 revisando suas proje\u00e7\u00f5es para baixo. O cen\u00e1rio econ\u00f4mico com infla\u00e7\u00e3o controlada em 2019 e baixo crescimento econ\u00f4mico faz com que os economistas acreditem que, at\u00e9 o fim do ano, a Selic encerrar\u00e1 estar\u00e1 em um n\u00edvel inferior a 5%, podendo permanecer nesse patamar ao longo de 2020.<\/h2>\n<p>&nbsp;<\/p>\n<p>Pela mediana das estimativas do mercado, o \u00cdndice de Pre\u00e7os ao Consumidor Amplo (IPCA) deve encerrar o ano com alta de 3,45%, bem abaixo da meta estabelecida pelo Conselho Monet\u00e1rio Nacional (CMN), de\u00a0 4,25% anuais. A previs\u00e3o do Produto Interno Bruto (PIB) para 2018 est\u00e1 em 0,87%, abaixo da expans\u00e3o de 1,1% dos dois anos anteriores e, para 2020, o mercado j\u00e1 prev\u00ea que a atividade n\u00e3o conseguir\u00e1 crescer acima de 2%.<\/p>\n<p>&nbsp;<\/p>\n<p>Na \u00faltima reuni\u00e3o do Comit\u00ea de Pol\u00edtica Monet\u00e1ria (Copom), do Banco Central, a Selic passou para 5,5% ao ano, nova m\u00ednima hist\u00f3rica. O diretor da Mirae Asset, Pablo Spyer, aposta que o Brasil est\u00e1 prestes a entrar em uma nova era, de juros reais negativos. \u201cCom a Selic a 5,5%, e se tirarmos, em m\u00e9dia, 20% de Imposto de Renda, uma aplica\u00e7\u00e3o indexada a essa taxa daria 4,40%\u00a0 ao ano, o que, descontando o IPCA, a 3,45%, o ganho real seria de 0,95%. Mas, se a Selic ficar em 4,40% ou abaixo disso, o Brasil entra no rol dos pa\u00edses com juros reais negativos. Ser\u00e1 preciso tomar riscos para ganhar dinheiro no pa\u00eds\u201d, destacou.<\/p>\n<p>&nbsp;<\/p>\n<p>A MB Associados e Austin Rating preveem que a taxa b\u00e1sica de juros feche o ano em 4,75%. No entanto, para que ocorra o Copom realize novos cortes, a comunica\u00e7\u00e3o entre o Banco Central e os agente econ\u00f4micos tem que ser clara e objetiva. A Daycoval Asset prev\u00ea Selic chegando a 4,5% neste ano e se mantendo nesse patamar at\u00e9 o ano que vem com base no comunicado do Copom de ontem. &#8220;Os fatores do balan\u00e7o de riscos permaneceram os mesmos. Por um lado, a ociosidade pode continuar produzindo infla\u00e7\u00e3o abaixo do esperado. Por outro, uma frustra\u00e7\u00e3o com as reformas e ajustes econ\u00f4micos poder\u00e1 afetar os pr\u00eamios de risco e a trajet\u00f3ria para infla\u00e7\u00e3o, fen\u00f4meno intensificado no caso de piora do cen\u00e1rio externo&#8221;, destacou. Para ele, o risco associado \u00e0 frustra\u00e7\u00e3o com as reformas e ajustes econ\u00f4micos &#8220;deixou de ser preponderante, ou seja, o balan\u00e7o de riscos ficou marginalmente mais benigno&#8221;.<\/p>\n<p>&nbsp;<\/p>\n<p>Para a Necton Investimentos, o rol de motivos levantados pelo Banco Central na \u00faltima reuni\u00e3o, indicam que a taxa Selic sofrer\u00e1 mais cortes at\u00e9 o final de 2019. A proje\u00e7\u00e3o caiu de 5% ao ano para 4,5% anuais. J\u00e1 o banco BNP Paribas, cortou a proje\u00e7\u00e3o de 5% para 4,25%.\u00a0\u201cAcabou sobrando para (Roberto) Campos Neto fazer (presidente do BC) os incentivos econ\u00f4micos que Paulo Guedes (ministro da Economia) n\u00e3o pode ou n\u00e3o quer fazer e neste sentido deveremos ver uma Selic ainda mais baixa\u201d, disse Andr\u00e9 Perfeito, economista-chefe da Necton.<\/p>\n<p>&nbsp;<\/p>\n","protected":false},"excerpt":{"rendered":"<p>ANNA RUSSI ROSANA HESSEL Ap\u00f3s o Banco Central reduzir em 0,5 ponto percentual na taxa b\u00e1sica de juros (Selic) e deixar a porta aberta para novos cortes,\u00a0 o mercado est\u00e1 revisando suas proje\u00e7\u00f5es para baixo. O cen\u00e1rio econ\u00f4mico com infla\u00e7\u00e3o controlada em 2019 e baixo crescimento econ\u00f4mico faz com que os economistas acreditem que, at\u00e9 [&hellip;]<\/p>\n","protected":false},"author":22,"featured_media":0,"comment_status":"open","ping_status":"closed","sticky":false,"template":"","format":"standard","meta":{"wpb_read_more":[],"footnotes":""},"categories":[600],"tags":[3,99,1213,4,58,34],"class_list":["post-11822","post","type-post","status-publish","format-standard","hentry","category-economia","tag-banco-central","tag-copom","tag-ipca","tag-juros","tag-pib","tag-selic"],"_links":{"self":[{"href":"https:\/\/blogs2.correiobraziliense.com.br\/vicente\/wp-json\/wp\/v2\/posts\/11822","targetHints":{"allow":["GET"]}}],"collection":[{"href":"https:\/\/blogs2.correiobraziliense.com.br\/vicente\/wp-json\/wp\/v2\/posts"}],"about":[{"href":"https:\/\/blogs2.correiobraziliense.com.br\/vicente\/wp-json\/wp\/v2\/types\/post"}],"author":[{"embeddable":true,"href":"https:\/\/blogs2.correiobraziliense.com.br\/vicente\/wp-json\/wp\/v2\/users\/22"}],"replies":[{"embeddable":true,"href":"https:\/\/blogs2.correiobraziliense.com.br\/vicente\/wp-json\/wp\/v2\/comments?post=11822"}],"version-history":[{"count":6,"href":"https:\/\/blogs2.correiobraziliense.com.br\/vicente\/wp-json\/wp\/v2\/posts\/11822\/revisions"}],"predecessor-version":[{"id":11837,"href":"https:\/\/blogs2.correiobraziliense.com.br\/vicente\/wp-json\/wp\/v2\/posts\/11822\/revisions\/11837"}],"wp:attachment":[{"href":"https:\/\/blogs2.correiobraziliense.com.br\/vicente\/wp-json\/wp\/v2\/media?parent=11822"}],"wp:term":[{"taxonomy":"category","embeddable":true,"href":"https:\/\/blogs2.correiobraziliense.com.br\/vicente\/wp-json\/wp\/v2\/categories?post=11822"},{"taxonomy":"post_tag","embeddable":true,"href":"https:\/\/blogs2.correiobraziliense.com.br\/vicente\/wp-json\/wp\/v2\/tags?post=11822"}],"curies":[{"name":"wp","href":"https:\/\/api.w.org\/{rel}","templated":true}]}}