{"id":11827,"date":"2019-09-19T18:37:58","date_gmt":"2019-09-19T21:37:58","guid":{"rendered":"https:\/\/blogs2.correiobraziliense.com.br\/vicente\/?p=11827"},"modified":"2019-09-19T18:37:58","modified_gmt":"2019-09-19T21:37:58","slug":"processo-para-cargos-de-direcao-na-economia-tem-343-inscritos","status":"publish","type":"post","link":"https:\/\/blogs2.correiobraziliense.com.br\/vicente\/processo-para-cargos-de-direcao-na-economia-tem-343-inscritos\/","title":{"rendered":"Processo para cargos de dire\u00e7\u00e3o na Economia tem 343 inscritos"},"content":{"rendered":"<p>ANNA RUSSI<\/p>\n<p>&nbsp;<\/p>\n<p>As inscri\u00e7\u00f5es do processo seletivo interno para a escolha do pr\u00f3ximo diretor da Central de Compras da Secretaria de Gest\u00e3o do Minist\u00e9rio da Economia terminaram ontem. Ao todo, foram 343 inscritos. O objetivo do governo \u00e9 profissionalizar a ocupa\u00e7\u00e3o dos cargos de dire\u00e7\u00e3o.<\/p>\n<p>&nbsp;<\/p>\n<p>A pr\u00e9-qualifica\u00e7\u00e3o ter\u00e1 duas etapas. A previs\u00e3o \u00e9 de que, no in\u00edcio de outubro, o processo seja conclu\u00eddo. O nome escolhido deve ser divulgado ainda no mesmo m\u00eas.<\/p>\n<p>&nbsp;<\/p>\n<p>O objetivo da Central de Compras ser\u00e1 reduzir gastos com aquisi\u00e7\u00f5es e contrata\u00e7\u00f5es, simplificar procedimentos e aumentar a qualidade nas compras do governo.<\/p>\n<p>&nbsp;<\/p>\n<p>O recrutamento e a an\u00e1lise inicial dos profissionais para exercer a fun\u00e7\u00e3o de diretor contar\u00e1 com a colabora\u00e7\u00e3o da Escola Nacional de Administra\u00e7\u00e3o P\u00fablica (Enap). Os candidatos devem ter, no m\u00ednimo, cinco anos de experi\u00eancia profissional em atividades relacionadas a compras p\u00fablicas ou tr\u00eas anos em cargo em comiss\u00e3o ou fun\u00e7\u00e3o de confian\u00e7a no Executivo, Legislativo ou Judici\u00e1rio.<\/p>\n<p>&nbsp;<\/p>\n<p>A Central de Compras ser\u00e1 respons\u00e1vel pelo comando de cinco coordena\u00e7\u00f5es-gerais e uma coordena\u00e7\u00e3o na secretaria de Gest\u00e3o. A equipe contar\u00e1 com 70 pessoas.<\/p>\n","protected":false},"excerpt":{"rendered":"<p>ANNA RUSSI &nbsp; As inscri\u00e7\u00f5es do processo seletivo interno para a escolha do pr\u00f3ximo diretor da Central de Compras da Secretaria de Gest\u00e3o do Minist\u00e9rio da Economia terminaram ontem. Ao todo, foram 343 inscritos. O objetivo do governo \u00e9 profissionalizar a ocupa\u00e7\u00e3o dos cargos de dire\u00e7\u00e3o. &nbsp; A pr\u00e9-qualifica\u00e7\u00e3o ter\u00e1 duas etapas. A previs\u00e3o \u00e9 [&hellip;]<\/p>\n","protected":false},"author":22,"featured_media":0,"comment_status":"open","ping_status":"closed","sticky":false,"template":"","format":"standard","meta":{"wpb_read_more":[],"footnotes":""},"categories":[600],"tags":[4146,4144,4142,3666,4145,3583],"class_list":["post-11827","post","type-post","status-publish","format-standard","hentry","category-economia","tag-administracao-publica","tag-central-de-compras","tag-enap","tag-ministerio-da-economia","tag-secretaria-de-gestao","tag-selecao"],"_links":{"self":[{"href":"https:\/\/blogs2.correiobraziliense.com.br\/vicente\/wp-json\/wp\/v2\/posts\/11827","targetHints":{"allow":["GET"]}}],"collection":[{"href":"https:\/\/blogs2.correiobraziliense.com.br\/vicente\/wp-json\/wp\/v2\/posts"}],"about":[{"href":"https:\/\/blogs2.correiobraziliense.com.br\/vicente\/wp-json\/wp\/v2\/types\/post"}],"author":[{"embeddable":true,"href":"https:\/\/blogs2.correiobraziliense.com.br\/vicente\/wp-json\/wp\/v2\/users\/22"}],"replies":[{"embeddable":true,"href":"https:\/\/blogs2.correiobraziliense.com.br\/vicente\/wp-json\/wp\/v2\/comments?post=11827"}],"version-history":[{"count":2,"href":"https:\/\/blogs2.correiobraziliense.com.br\/vicente\/wp-json\/wp\/v2\/posts\/11827\/revisions"}],"predecessor-version":[{"id":11832,"href":"https:\/\/blogs2.correiobraziliense.com.br\/vicente\/wp-json\/wp\/v2\/posts\/11827\/revisions\/11832"}],"wp:attachment":[{"href":"https:\/\/blogs2.correiobraziliense.com.br\/vicente\/wp-json\/wp\/v2\/media?parent=11827"}],"wp:term":[{"taxonomy":"category","embeddable":true,"href":"https:\/\/blogs2.correiobraziliense.com.br\/vicente\/wp-json\/wp\/v2\/categories?post=11827"},{"taxonomy":"post_tag","embeddable":true,"href":"https:\/\/blogs2.correiobraziliense.com.br\/vicente\/wp-json\/wp\/v2\/tags?post=11827"}],"curies":[{"name":"wp","href":"https:\/\/api.w.org\/{rel}","templated":true}]}}