{"id":1186,"date":"2016-06-01T12:13:01","date_gmt":"2016-06-01T15:13:01","guid":{"rendered":"https:\/\/blogs2.correiobraziliense.com.br\/vicente\/?p=1186"},"modified":"2016-06-01T12:18:02","modified_gmt":"2016-06-01T15:18:02","slug":"sergio-mendonca-esta-com-os-dias-contados-na-funcef","status":"publish","type":"post","link":"https:\/\/blogs2.correiobraziliense.com.br\/vicente\/sergio-mendonca-esta-com-os-dias-contados-na-funcef\/","title":{"rendered":"S\u00e9rgio Mendon\u00e7a est\u00e1 com os dias contados na Funcef"},"content":{"rendered":"<p>POR ANTONIO TEM\u00d3TEO<\/p>\n<p>&nbsp;<\/p>\n<p>O presidente da Caixa Econ\u00f4mica Federal, Gilberto Occhi, afirmou, ap\u00f3s cerim\u00f4nia de posse no Pal\u00e1cio do Planalto, que encontrar uma solu\u00e7\u00e3o para o rombo da Funcef \u00e9 uma das suas prioridades. Ele afirmou que se reunir\u00e1 com o ministro da Fazenda, Henrique Meirelles, para definir como ser\u00e1 coberto o deficit de R$ 13,2 bilh\u00f5es do fundo de pens\u00e3o dos empregados do banco p\u00fablico.<\/p>\n<p>&nbsp;<\/p>\n<p>Por lei, a Caixa \u00e9 obrigada a arcar com metade do rombo atuarial e o restante \u00e9 bancado pelos participantes da entidade fechada de previd\u00eancia complementar. &#8220;Precisamos mudar a atua\u00e7\u00e3o da Funcef. Tenho uma reuni\u00e3o com o ministro Meirelles para tratar sobre o assunto&#8221;, disse. Occhi n\u00e3o descartou substituir o presidente do fundo de pens\u00e3o, S\u00e9rgio Mendon\u00e7a. Ele foi escolhido para o posto por Miriam Belchior, que comandava a Caixa na gest\u00e3o de Dilma Rousseff.<\/p>\n<p>&nbsp;<\/p>\n<p><i>Bras\u00edlia, 12h13min<\/i><\/p>\n","protected":false},"excerpt":{"rendered":"<p>POR ANTONIO TEM\u00d3TEO &nbsp; O presidente da Caixa Econ\u00f4mica Federal, Gilberto Occhi, afirmou, ap\u00f3s cerim\u00f4nia de posse no Pal\u00e1cio do Planalto, que encontrar uma solu\u00e7\u00e3o para o rombo da Funcef \u00e9 uma das suas prioridades. Ele afirmou que se reunir\u00e1 com o ministro da Fazenda, Henrique Meirelles, para definir como ser\u00e1 coberto o deficit de [&hellip;]<\/p>\n","protected":false},"author":22,"featured_media":0,"comment_status":"open","ping_status":"closed","sticky":false,"template":"","format":"standard","meta":{"wpb_read_more":[],"footnotes":""},"categories":[1],"tags":[],"class_list":["post-1186","post","type-post","status-publish","format-standard","hentry","category-sem-categoria"],"_links":{"self":[{"href":"https:\/\/blogs2.correiobraziliense.com.br\/vicente\/wp-json\/wp\/v2\/posts\/1186","targetHints":{"allow":["GET"]}}],"collection":[{"href":"https:\/\/blogs2.correiobraziliense.com.br\/vicente\/wp-json\/wp\/v2\/posts"}],"about":[{"href":"https:\/\/blogs2.correiobraziliense.com.br\/vicente\/wp-json\/wp\/v2\/types\/post"}],"author":[{"embeddable":true,"href":"https:\/\/blogs2.correiobraziliense.com.br\/vicente\/wp-json\/wp\/v2\/users\/22"}],"replies":[{"embeddable":true,"href":"https:\/\/blogs2.correiobraziliense.com.br\/vicente\/wp-json\/wp\/v2\/comments?post=1186"}],"version-history":[{"count":4,"href":"https:\/\/blogs2.correiobraziliense.com.br\/vicente\/wp-json\/wp\/v2\/posts\/1186\/revisions"}],"predecessor-version":[{"id":1190,"href":"https:\/\/blogs2.correiobraziliense.com.br\/vicente\/wp-json\/wp\/v2\/posts\/1186\/revisions\/1190"}],"wp:attachment":[{"href":"https:\/\/blogs2.correiobraziliense.com.br\/vicente\/wp-json\/wp\/v2\/media?parent=1186"}],"wp:term":[{"taxonomy":"category","embeddable":true,"href":"https:\/\/blogs2.correiobraziliense.com.br\/vicente\/wp-json\/wp\/v2\/categories?post=1186"},{"taxonomy":"post_tag","embeddable":true,"href":"https:\/\/blogs2.correiobraziliense.com.br\/vicente\/wp-json\/wp\/v2\/tags?post=1186"}],"curies":[{"name":"wp","href":"https:\/\/api.w.org\/{rel}","templated":true}]}}