{"id":11900,"date":"2019-10-03T17:25:57","date_gmt":"2019-10-03T20:25:57","guid":{"rendered":"https:\/\/blogs2.correiobraziliense.com.br\/vicente\/?p=11900"},"modified":"2019-10-03T17:25:57","modified_gmt":"2019-10-03T20:25:57","slug":"mercado-livre-fica-em-13o-no-ranking-das-melhores-empresas-para-trabalhar","status":"publish","type":"post","link":"https:\/\/blogs2.correiobraziliense.com.br\/vicente\/mercado-livre-fica-em-13o-no-ranking-das-melhores-empresas-para-trabalhar\/","title":{"rendered":"Mercado Livre fica em 13\u00ba no ranking das melhores empresas para trabalhar"},"content":{"rendered":"<h2>ROSANA HESSEL<\/h2>\n<p>&nbsp;<\/p>\n<h2>O Mercado Livre entrou pela segunda vez consecutiva no ranking das 25 melhores empresas no mundo para trabalhar. Fundada h\u00e1 20 anos, alcan\u00e7ou a 13\u00aa posi\u00e7\u00e3o global e a vice-lideran\u00e7a do ranking na Am\u00e9rica Latina neste ano.<\/h2>\n<p>&nbsp;<\/p>\n<p>A companhia com forte atua\u00e7\u00e3o no segmento de tecnologia para e-commerce e servi\u00e7os financeiros est\u00e1 com mais de 200 vagas abertas no Brasil.\u00a0O resultado do levantamento feito pela Great Place to Work foi publicado pela revista norte-americana Fortune.\u00a0\u00a0A pesquisa foi realizada junto a 12 milh\u00f5es de empregados de 8 mil empresas multinacionais.<\/p>\n<p>&nbsp;<\/p>\n<p>Atualmente, o Mercado Livre emprega 9 mil colaboradores na Am\u00e9rica Latina. A previs\u00e3o \u00e9 criar 1.600 novos postos de trabalhos na regi\u00e3o at\u00e9 o fim deste ano, superando 10 mil colaboradores em 2020. S\u00f3 no Brasil, 800 vagas foram criadas ao longo de 2019 h\u00e1 mais de 200 oportunidades abertas, dezenas delas para profissionais de n\u00edvel s\u00eanior e de ger\u00eancia. Os postos s\u00e3o para as unidades de\u00a0neg\u00f3cios de Fintech (Mercado Pago), Classificados, Log\u00edstica e Marketplace (em S\u00e3o Paulo) e nas \u00e1reas de Marketing e de Tecnologia da Informa\u00e7\u00e3o (em Florian\u00f3polis).<\/p>\n<p>&nbsp;<\/p>\n<p>Mais informa\u00e7\u00f5es no site:\u00a0https:\/\/jobs.mercadolibre.com\/?locale=pt_BR<\/p>\n<p>&nbsp;<\/p>\n","protected":false},"excerpt":{"rendered":"<p>ROSANA HESSEL &nbsp; O Mercado Livre entrou pela segunda vez consecutiva no ranking das 25 melhores empresas no mundo para trabalhar. Fundada h\u00e1 20 anos, alcan\u00e7ou a 13\u00aa posi\u00e7\u00e3o global e a vice-lideran\u00e7a do ranking na Am\u00e9rica Latina neste ano. &nbsp; A companhia com forte atua\u00e7\u00e3o no segmento de tecnologia para e-commerce e servi\u00e7os financeiros [&hellip;]<\/p>\n","protected":false},"author":22,"featured_media":0,"comment_status":"open","ping_status":"closed","sticky":false,"template":"","format":"standard","meta":{"wpb_read_more":[],"footnotes":""},"categories":[600],"tags":[4155,4156,4154,662,2401],"class_list":["post-11900","post","type-post","status-publish","format-standard","hentry","category-economia","tag-fortune","tag-great-place-to-work","tag-mercado-livre","tag-ranking","tag-vagas"],"_links":{"self":[{"href":"https:\/\/blogs2.correiobraziliense.com.br\/vicente\/wp-json\/wp\/v2\/posts\/11900","targetHints":{"allow":["GET"]}}],"collection":[{"href":"https:\/\/blogs2.correiobraziliense.com.br\/vicente\/wp-json\/wp\/v2\/posts"}],"about":[{"href":"https:\/\/blogs2.correiobraziliense.com.br\/vicente\/wp-json\/wp\/v2\/types\/post"}],"author":[{"embeddable":true,"href":"https:\/\/blogs2.correiobraziliense.com.br\/vicente\/wp-json\/wp\/v2\/users\/22"}],"replies":[{"embeddable":true,"href":"https:\/\/blogs2.correiobraziliense.com.br\/vicente\/wp-json\/wp\/v2\/comments?post=11900"}],"version-history":[{"count":2,"href":"https:\/\/blogs2.correiobraziliense.com.br\/vicente\/wp-json\/wp\/v2\/posts\/11900\/revisions"}],"predecessor-version":[{"id":11902,"href":"https:\/\/blogs2.correiobraziliense.com.br\/vicente\/wp-json\/wp\/v2\/posts\/11900\/revisions\/11902"}],"wp:attachment":[{"href":"https:\/\/blogs2.correiobraziliense.com.br\/vicente\/wp-json\/wp\/v2\/media?parent=11900"}],"wp:term":[{"taxonomy":"category","embeddable":true,"href":"https:\/\/blogs2.correiobraziliense.com.br\/vicente\/wp-json\/wp\/v2\/categories?post=11900"},{"taxonomy":"post_tag","embeddable":true,"href":"https:\/\/blogs2.correiobraziliense.com.br\/vicente\/wp-json\/wp\/v2\/tags?post=11900"}],"curies":[{"name":"wp","href":"https:\/\/api.w.org\/{rel}","templated":true}]}}